{"id":9926,"date":"2022-09-12T14:49:18","date_gmt":"2022-09-12T18:49:18","guid":{"rendered":"https:\/\/promine.com\/?p=9926"},"modified":"2022-09-12T14:49:21","modified_gmt":"2022-09-12T18:49:21","slug":"realidad-de-la-mineria-en-colombia-episodio-10","status":"publish","type":"post","link":"https:\/\/www.promine.com\/es\/grabaciones-de-podcast-es\/realidad-de-la-mineria-en-colombia-episodio-10\/","title":{"rendered":"Realidad de la Miner\u00eda en Colombia |  Episodio 10"},"content":{"rendered":"\n<p>\u2705 Contexto Minero es un podcast din\u00e1mico en el cual nuestros panelistas y sus\u202finvitados intercambian opiniones acerca de la realidad minera latinoamericana.\u202f\u202f&nbsp;<\/p>\n\n\n\n<p>En este\u202fepisodio\u202fdialogaremos\u202fsobre la miner\u00eda en Colombia.&nbsp;<\/p>\n\n\n\n<p><strong>Invitados:<\/strong>&nbsp;<\/p>\n\n\n\n<p>\u27a1\ufe0f\u202f<strong>Msc Richerd Rodriguez;\u202f<\/strong>&nbsp;<\/p>\n\n\n\n<p>Ingeniero ge\u00f3logo y magister en recursos naturales con m\u00e1s de 12 a\u00f1os de experiencia en planificaci\u00f3n y supervisi\u00f3n de perforaci\u00f3n diamantina al interior de mina; control de operaciones geol\u00f3gicas, muestreo QA\/QC, cartograf\u00eda e interpretaci\u00f3n geol\u00f3gico-estructural. Ha trabajado como ge\u00f3logo de mina en Venezuela, M\u00e9xico y Colombia.&nbsp;<\/p>\n\n\n\n<p>Actualmente se desempe\u00f1a como subgerente de peque\u00f1a miner\u00eda en la empresa Gran Colombia Gold, Antioquia, Colombia.&nbsp;<\/p>\n\n\n\n<p>\u27a1\ufe0f\u202f<strong>Giovanni Franco-Sep\u00falveda, Ph. D;<\/strong>\u202fProfesor Universidad Nacional de Colombia, Director del Grupo de Planeamiento Minero.&nbsp;<\/p>\n\n\n\n<figure class=\"wp-block-embed is-type-video is-provider-youtube wp-block-embed-youtube wp-embed-aspect-16-9 wp-has-aspect-ratio\"><div class=\"wp-block-embed__wrapper\">\n<iframe title=\"\ud83c\udf99 Episodio X |  Realidad de la Miner\u00eda en Colombia  | Contexto Minero\" width=\"800\" height=\"450\" src=\"https:\/\/www.youtube.com\/embed\/hGKehw91VRs?feature=oembed\" frameborder=\"0\" allow=\"accelerometer; autoplay; clipboard-write; encrypted-media; gyroscope; picture-in-picture\" allowfullscreen><\/iframe>\n<\/div><\/figure>\n","protected":false},"excerpt":{"rendered":"<p>\u2705 Contexto Minero es un podcast din\u00e1mico en el cual nuestros panelistas y sus\u202finvitados intercambian opiniones acerca de la realidad minera latinoamericana.\u202f\u202f&nbsp; En este\u202fepisodio\u202fdialogaremos\u202fsobre la miner\u00eda en Colombia.&nbsp; Invitados:&nbsp; \u27a1\ufe0f\u202fMsc Richerd Rodriguez;\u202f&nbsp; Ingeniero ge\u00f3logo y magister en recursos naturales con m\u00e1s de 12 a\u00f1os de experiencia en planificaci\u00f3n y supervisi\u00f3n de perforaci\u00f3n diamantina al interior [&hellip;]<\/p>\n","protected":false},"author":13,"featured_media":0,"comment_status":"closed","ping_status":"open","sticky":false,"template":"","format":"standard","meta":{"_acf_changed":false,"footnotes":""},"categories":[103],"tags":[],"class_list":["post-9926","post","type-post","status-publish","format-standard","hentry","category-grabaciones-de-podcast-es"],"acf":[],"yoast_head":"<!-- This site is optimized with the Yoast SEO plugin v24.0 - https:\/\/yoast.com\/wordpress\/plugins\/seo\/ -->\n<title>Realidad de la Miner\u00eda en Colombia | Episodio 10 - Promine<\/title>\n<meta name=\"robots\" content=\"index, follow, max-snippet:-1, max-image-preview:large, max-video-preview:-1\" \/>\n<link rel=\"canonical\" href=\"https:\/\/www.promine.com\/es\/grabaciones-de-podcast-es\/realidad-de-la-mineria-en-colombia-episodio-10\/\" \/>\n<meta property=\"og:locale\" content=\"es_ES\" \/>\n<meta property=\"og:type\" content=\"article\" \/>\n<meta property=\"og:title\" content=\"Realidad de la Miner\u00eda en Colombia | Episodio 10 - Promine\" \/>\n<meta property=\"og:description\" content=\"\u2705 Contexto Minero es un podcast din\u00e1mico en el cual nuestros panelistas y sus\u202finvitados intercambian opiniones acerca de la realidad minera latinoamericana.\u202f\u202f&nbsp; En este\u202fepisodio\u202fdialogaremos\u202fsobre la miner\u00eda en Colombia.&nbsp; Invitados:&nbsp; \u27a1\ufe0f\u202fMsc Richerd Rodriguez;\u202f&nbsp; Ingeniero ge\u00f3logo y magister en recursos naturales con m\u00e1s de 12 a\u00f1os de experiencia en planificaci\u00f3n y supervisi\u00f3n de perforaci\u00f3n diamantina al interior [&hellip;]\" \/>\n<meta property=\"og:url\" content=\"https:\/\/www.promine.com\/es\/grabaciones-de-podcast-es\/realidad-de-la-mineria-en-colombia-episodio-10\/\" \/>\n<meta property=\"og:site_name\" content=\"Promine\" \/>\n<meta property=\"article:publisher\" content=\"https:\/\/www.facebook.com\/promineinc\/\" \/>\n<meta property=\"article:published_time\" content=\"2022-09-12T18:49:18+00:00\" \/>\n<meta property=\"article:modified_time\" content=\"2022-09-12T18:49:21+00:00\" \/>\n<meta name=\"author\" content=\"Daniela Jaimes\" \/>\n<meta name=\"twitter:card\" content=\"summary_large_image\" \/>\n<meta name=\"twitter:label1\" content=\"Escrito por\" \/>\n\t<meta name=\"twitter:data1\" content=\"Daniela Jaimes\" \/>\n\t<meta name=\"twitter:label2\" content=\"Tiempo de lectura\" \/>\n\t<meta name=\"twitter:data2\" content=\"1 minuto\" \/>\n<script type=\"application\/ld+json\" class=\"yoast-schema-graph\">{\"@context\":\"https:\/\/schema.org\",\"@graph\":[{\"@type\":\"Article\",\"@id\":\"https:\/\/www.promine.com\/es\/grabaciones-de-podcast-es\/realidad-de-la-mineria-en-colombia-episodio-10\/#article\",\"isPartOf\":{\"@id\":\"https:\/\/www.promine.com\/es\/grabaciones-de-podcast-es\/realidad-de-la-mineria-en-colombia-episodio-10\/\"},\"author\":{\"name\":\"Daniela Jaimes\",\"@id\":\"https:\/\/promine.com\/#\/schema\/person\/4f808ea0e384751aa1273189dc83a028\"},\"headline\":\"Realidad de la Miner\u00eda en Colombia | Episodio 10\",\"datePublished\":\"2022-09-12T18:49:18+00:00\",\"dateModified\":\"2022-09-12T18:49:21+00:00\",\"mainEntityOfPage\":{\"@id\":\"https:\/\/www.promine.com\/es\/grabaciones-de-podcast-es\/realidad-de-la-mineria-en-colombia-episodio-10\/\"},\"wordCount\":153,\"publisher\":{\"@id\":\"https:\/\/promine.com\/#organization\"},\"articleSection\":[\"Grabaciones de Podcast\"],\"inLanguage\":\"es\"},{\"@type\":\"WebPage\",\"@id\":\"https:\/\/www.promine.com\/es\/grabaciones-de-podcast-es\/realidad-de-la-mineria-en-colombia-episodio-10\/\",\"url\":\"https:\/\/www.promine.com\/es\/grabaciones-de-podcast-es\/realidad-de-la-mineria-en-colombia-episodio-10\/\",\"name\":\"Realidad de la Miner\u00eda en Colombia | Episodio 10 - Promine\",\"isPartOf\":{\"@id\":\"https:\/\/promine.com\/#website\"},\"datePublished\":\"2022-09-12T18:49:18+00:00\",\"dateModified\":\"2022-09-12T18:49:21+00:00\",\"breadcrumb\":{\"@id\":\"https:\/\/www.promine.com\/es\/grabaciones-de-podcast-es\/realidad-de-la-mineria-en-colombia-episodio-10\/#breadcrumb\"},\"inLanguage\":\"es\",\"potentialAction\":[{\"@type\":\"ReadAction\",\"target\":[\"https:\/\/www.promine.com\/es\/grabaciones-de-podcast-es\/realidad-de-la-mineria-en-colombia-episodio-10\/\"]}]},{\"@type\":\"BreadcrumbList\",\"@id\":\"https:\/\/www.promine.com\/es\/grabaciones-de-podcast-es\/realidad-de-la-mineria-en-colombia-episodio-10\/#breadcrumb\",\"itemListElement\":[{\"@type\":\"ListItem\",\"position\":1,\"name\":\"Home\",\"item\":\"https:\/\/www.promine.com\/es\/\"},{\"@type\":\"ListItem\",\"position\":2,\"name\":\"Realidad de la Miner\u00eda en Colombia | Episodio 10\"}]},{\"@type\":\"WebSite\",\"@id\":\"https:\/\/promine.com\/#website\",\"url\":\"https:\/\/promine.com\/\",\"name\":\"Promine\",\"description\":\"Solutions for Everyday Mining\",\"publisher\":{\"@id\":\"https:\/\/promine.com\/#organization\"},\"potentialAction\":[{\"@type\":\"SearchAction\",\"target\":{\"@type\":\"EntryPoint\",\"urlTemplate\":\"https:\/\/promine.com\/?s={search_term_string}\"},\"query-input\":{\"@type\":\"PropertyValueSpecification\",\"valueRequired\":true,\"valueName\":\"search_term_string\"}}],\"inLanguage\":\"es\"},{\"@type\":\"Organization\",\"@id\":\"https:\/\/promine.com\/#organization\",\"name\":\"Promine\",\"url\":\"https:\/\/promine.com\/\",\"logo\":{\"@type\":\"ImageObject\",\"inLanguage\":\"es\",\"@id\":\"https:\/\/promine.com\/#\/schema\/logo\/image\/\",\"url\":\"https:\/\/www.promine.com\/wp-content\/uploads\/2022\/06\/Promine_Solo_Original_PNG.png\",\"contentUrl\":\"https:\/\/www.promine.com\/wp-content\/uploads\/2022\/06\/Promine_Solo_Original_PNG.png\",\"width\":3576,\"height\":407,\"caption\":\"Promine\"},\"image\":{\"@id\":\"https:\/\/promine.com\/#\/schema\/logo\/image\/\"},\"sameAs\":[\"https:\/\/www.facebook.com\/promineinc\/\"]},{\"@type\":\"Person\",\"@id\":\"https:\/\/promine.com\/#\/schema\/person\/4f808ea0e384751aa1273189dc83a028\",\"name\":\"Daniela Jaimes\",\"image\":{\"@type\":\"ImageObject\",\"inLanguage\":\"es\",\"@id\":\"https:\/\/promine.com\/#\/schema\/person\/image\/\",\"url\":\"https:\/\/promine.com\/wp-content\/uploads\/2023\/06\/Diseno-sin-titulo-6-e1689355958723-96x96.png\",\"contentUrl\":\"https:\/\/promine.com\/wp-content\/uploads\/2023\/06\/Diseno-sin-titulo-6-e1689355958723-96x96.png\",\"caption\":\"Daniela Jaimes\"},\"description\":\"Daniela Jaimes has an undergraduate degree in Marketing and another one in Global Business Management from Universidad Argentina de la Empresa. With experience carrying out digital marketing strategies for companies in various industries. Currently, Daniela is the Marketing Manager at Promine.\",\"url\":\"https:\/\/www.promine.com\/es\/author\/danielajaimes\/\"}]}<\/script>\n<!-- \/ Yoast SEO plugin. -->","yoast_head_json":{"title":"Realidad de la Miner\u00eda en Colombia | Episodio 10 - Promine","robots":{"index":"index","follow":"follow","max-snippet":"max-snippet:-1","max-image-preview":"max-image-preview:large","max-video-preview":"max-video-preview:-1"},"canonical":"https:\/\/www.promine.com\/es\/grabaciones-de-podcast-es\/realidad-de-la-mineria-en-colombia-episodio-10\/","og_locale":"es_ES","og_type":"article","og_title":"Realidad de la Miner\u00eda en Colombia | Episodio 10 - Promine","og_description":"\u2705 Contexto Minero es un podcast din\u00e1mico en el cual nuestros panelistas y sus\u202finvitados intercambian opiniones acerca de la realidad minera latinoamericana.\u202f\u202f&nbsp; En este\u202fepisodio\u202fdialogaremos\u202fsobre la miner\u00eda en Colombia.&nbsp; Invitados:&nbsp; \u27a1\ufe0f\u202fMsc Richerd Rodriguez;\u202f&nbsp; Ingeniero ge\u00f3logo y magister en recursos naturales con m\u00e1s de 12 a\u00f1os de experiencia en planificaci\u00f3n y supervisi\u00f3n de perforaci\u00f3n diamantina al interior [&hellip;]","og_url":"https:\/\/www.promine.com\/es\/grabaciones-de-podcast-es\/realidad-de-la-mineria-en-colombia-episodio-10\/","og_site_name":"Promine","article_publisher":"https:\/\/www.facebook.com\/promineinc\/","article_published_time":"2022-09-12T18:49:18+00:00","article_modified_time":"2022-09-12T18:49:21+00:00","author":"Daniela Jaimes","twitter_card":"summary_large_image","twitter_misc":{"Escrito por":"Daniela Jaimes","Tiempo de lectura":"1 minuto"},"schema":{"@context":"https:\/\/schema.org","@graph":[{"@type":"Article","@id":"https:\/\/www.promine.com\/es\/grabaciones-de-podcast-es\/realidad-de-la-mineria-en-colombia-episodio-10\/#article","isPartOf":{"@id":"https:\/\/www.promine.com\/es\/grabaciones-de-podcast-es\/realidad-de-la-mineria-en-colombia-episodio-10\/"},"author":{"name":"Daniela Jaimes","@id":"https:\/\/promine.com\/#\/schema\/person\/4f808ea0e384751aa1273189dc83a028"},"headline":"Realidad de la Miner\u00eda en Colombia | Episodio 10","datePublished":"2022-09-12T18:49:18+00:00","dateModified":"2022-09-12T18:49:21+00:00","mainEntityOfPage":{"@id":"https:\/\/www.promine.com\/es\/grabaciones-de-podcast-es\/realidad-de-la-mineria-en-colombia-episodio-10\/"},"wordCount":153,"publisher":{"@id":"https:\/\/promine.com\/#organization"},"articleSection":["Grabaciones de Podcast"],"inLanguage":"es"},{"@type":"WebPage","@id":"https:\/\/www.promine.com\/es\/grabaciones-de-podcast-es\/realidad-de-la-mineria-en-colombia-episodio-10\/","url":"https:\/\/www.promine.com\/es\/grabaciones-de-podcast-es\/realidad-de-la-mineria-en-colombia-episodio-10\/","name":"Realidad de la Miner\u00eda en Colombia | Episodio 10 - Promine","isPartOf":{"@id":"https:\/\/promine.com\/#website"},"datePublished":"2022-09-12T18:49:18+00:00","dateModified":"2022-09-12T18:49:21+00:00","breadcrumb":{"@id":"https:\/\/www.promine.com\/es\/grabaciones-de-podcast-es\/realidad-de-la-mineria-en-colombia-episodio-10\/#breadcrumb"},"inLanguage":"es","potentialAction":[{"@type":"ReadAction","target":["https:\/\/www.promine.com\/es\/grabaciones-de-podcast-es\/realidad-de-la-mineria-en-colombia-episodio-10\/"]}]},{"@type":"BreadcrumbList","@id":"https:\/\/www.promine.com\/es\/grabaciones-de-podcast-es\/realidad-de-la-mineria-en-colombia-episodio-10\/#breadcrumb","itemListElement":[{"@type":"ListItem","position":1,"name":"Home","item":"https:\/\/www.promine.com\/es\/"},{"@type":"ListItem","position":2,"name":"Realidad de la Miner\u00eda en Colombia | Episodio 10"}]},{"@type":"WebSite","@id":"https:\/\/promine.com\/#website","url":"https:\/\/promine.com\/","name":"Promine","description":"Solutions for Everyday Mining","publisher":{"@id":"https:\/\/promine.com\/#organization"},"potentialAction":[{"@type":"SearchAction","target":{"@type":"EntryPoint","urlTemplate":"https:\/\/promine.com\/?s={search_term_string}"},"query-input":{"@type":"PropertyValueSpecification","valueRequired":true,"valueName":"search_term_string"}}],"inLanguage":"es"},{"@type":"Organization","@id":"https:\/\/promine.com\/#organization","name":"Promine","url":"https:\/\/promine.com\/","logo":{"@type":"ImageObject","inLanguage":"es","@id":"https:\/\/promine.com\/#\/schema\/logo\/image\/","url":"https:\/\/www.promine.com\/wp-content\/uploads\/2022\/06\/Promine_Solo_Original_PNG.png","contentUrl":"https:\/\/www.promine.com\/wp-content\/uploads\/2022\/06\/Promine_Solo_Original_PNG.png","width":3576,"height":407,"caption":"Promine"},"image":{"@id":"https:\/\/promine.com\/#\/schema\/logo\/image\/"},"sameAs":["https:\/\/www.facebook.com\/promineinc\/"]},{"@type":"Person","@id":"https:\/\/promine.com\/#\/schema\/person\/4f808ea0e384751aa1273189dc83a028","name":"Daniela Jaimes","image":{"@type":"ImageObject","inLanguage":"es","@id":"https:\/\/promine.com\/#\/schema\/person\/image\/","url":"https:\/\/promine.com\/wp-content\/uploads\/2023\/06\/Diseno-sin-titulo-6-e1689355958723-96x96.png","contentUrl":"https:\/\/promine.com\/wp-content\/uploads\/2023\/06\/Diseno-sin-titulo-6-e1689355958723-96x96.png","caption":"Daniela Jaimes"},"description":"Daniela Jaimes has an undergraduate degree in Marketing and another one in Global Business Management from Universidad Argentina de la Empresa. With experience carrying out digital marketing strategies for companies in various industries. Currently, Daniela is the Marketing Manager at Promine.","url":"https:\/\/www.promine.com\/es\/author\/danielajaimes\/"}]}},"_links":{"self":[{"href":"https:\/\/www.promine.com\/es\/wp-json\/wp\/v2\/posts\/9926","targetHints":{"allow":["GET"]}}],"collection":[{"href":"https:\/\/www.promine.com\/es\/wp-json\/wp\/v2\/posts"}],"about":[{"href":"https:\/\/www.promine.com\/es\/wp-json\/wp\/v2\/types\/post"}],"author":[{"embeddable":true,"href":"https:\/\/www.promine.com\/es\/wp-json\/wp\/v2\/users\/13"}],"replies":[{"embeddable":true,"href":"https:\/\/www.promine.com\/es\/wp-json\/wp\/v2\/comments?post=9926"}],"version-history":[{"count":1,"href":"https:\/\/www.promine.com\/es\/wp-json\/wp\/v2\/posts\/9926\/revisions"}],"predecessor-version":[{"id":9930,"href":"https:\/\/www.promine.com\/es\/wp-json\/wp\/v2\/posts\/9926\/revisions\/9930"}],"wp:attachment":[{"href":"https:\/\/www.promine.com\/es\/wp-json\/wp\/v2\/media?parent=9926"}],"wp:term":[{"taxonomy":"category","embeddable":true,"href":"https:\/\/www.promine.com\/es\/wp-json\/wp\/v2\/categories?post=9926"},{"taxonomy":"post_tag","embeddable":true,"href":"https:\/\/www.promine.com\/es\/wp-json\/wp\/v2\/tags?post=9926"}],"curies":[{"name":"wp","href":"https:\/\/api.w.org\/{rel}","templated":true}]}}