{"id":8777,"date":"2022-08-24T14:53:26","date_gmt":"2022-08-24T18:53:26","guid":{"rendered":"https:\/\/promine.com\/?p=8777"},"modified":"2022-08-24T14:53:30","modified_gmt":"2022-08-24T18:53:30","slug":"vale-reanuda-la-produccion-en-vargem-grande","status":"publish","type":"post","link":"https:\/\/www.promine.com\/es\/blog-es\/vale-reanuda-la-produccion-en-vargem-grande\/","title":{"rendered":"Vale Reanuda la Producci\u00f3n en Vargem Grande"},"content":{"rendered":"\n<p>Muchos recordamos aquel fatal d\u00eda de enero del 2019 en el que cerca de 270 personas murieron por colapso y la liberaci\u00f3n de un r\u00edo de lodo que cubri\u00f3 edificios cercanos y forz\u00f3 la evacuaci\u00f3n de cientos de lugare\u00f1os en el estado Brumadinho la cual es operada por Vale, las entidades reguladoras de miner\u00eda en Brasil ordenaron detener las operaciones en Vargem Grande buscando as\u00ed priorizar la estabilidad de sus presas para que un hecho similar no pueda volver a ocurrir. En junio del 2019 Vale pudo reanudar las operaciones de algunas de sus minas de Hierro en Brasil.&nbsp;<\/p>\n\n\n\n<p>A fines de enero del presente a\u00f1o, despu\u00e9s de 2 a\u00f1os, Vale reanudo en su totalidad la producci\u00f3n de pellets en la Mina Vargem Grande en Mina Gerais con una capacidad de 7 millones de toneladas de pellets, se espera que la planta produzca aproximadamente 4-5 millones de toneladas en 2021.&nbsp;<\/p>\n\n\n\n<p>La audiencia de conciliaci\u00f3n entre Vale y el gobierno de Minas Gerais sobre la indemnizaci\u00f3n por las p\u00e9rdidas causadas por la ruptura de la presa en Brumadinho termin\u00f3 sin acuerdo. Minas Gerais solicita una indemnizaci\u00f3n de 54.600 millones de reales (10.300 millones de d\u00f3lares), cifra que incluye la reubicaci\u00f3n y el da\u00f1o psicol\u00f3gico sufrido por los sobrevivientes y familiares de las v\u00edctimas, pedido en la cual no se ha llegado a un acuerdo aun hasta la redacci\u00f3n de este art\u00edculo.&nbsp;<\/p>\n\n\n\n<p>Para evitar m\u00e1s p\u00e9rdidas de vidas humanas y empujar a las empresas mineras a mejorar sus t\u00e9cnicas de monitoreo de represas, necesitamos la aplicaci\u00f3n de nuevas tecnolog\u00edas, sabemos de la existencia de investigadores brit\u00e1nicos que actualmente buscan desarrollar la tecnolog\u00eda llamada ISBAS (Intermittent Small Baseline Subset) que es una t\u00e9cnica avanzada de InSAR que puede ayudar a superar las limitaciones que se enfrentan cuando se utilizan algunas de las t\u00e9cnicas InSAR m\u00e1s convencionales sobre terreno con vegetaci\u00f3n, en la cual se combinan sensores en el suelo, las t\u00e9cnicas avanzadas de InSAR pueden ser una valiosa adici\u00f3n a la caja de herramientas de monitoreo para evacuar y proteger la vida.<\/p>\n","protected":false},"excerpt":{"rendered":"<p>Muchos recordamos aquel fatal d\u00eda de enero del 2019 en el que cerca de 270 personas murieron por colapso y la liberaci\u00f3n de un r\u00edo de lodo que cubri\u00f3 edificios cercanos y forz\u00f3 la evacuaci\u00f3n de cientos de lugare\u00f1os en el estado Brumadinho la cual es operada por Vale, las entidades reguladoras de miner\u00eda en [&hellip;]<\/p>\n","protected":false},"author":13,"featured_media":8003,"comment_status":"closed","ping_status":"open","sticky":false,"template":"","format":"standard","meta":{"_acf_changed":false,"footnotes":""},"categories":[92],"tags":[],"class_list":["post-8777","post","type-post","status-publish","format-standard","has-post-thumbnail","hentry","category-blog-es"],"acf":[],"yoast_head":"<!-- This site is optimized with the Yoast SEO plugin v24.0 - https:\/\/yoast.com\/wordpress\/plugins\/seo\/ -->\n<title>Vale Reanuda la Producci\u00f3n en Vargem Grande - Promine<\/title>\n<meta name=\"robots\" content=\"index, follow, max-snippet:-1, max-image-preview:large, max-video-preview:-1\" \/>\n<link rel=\"canonical\" href=\"https:\/\/www.promine.com\/es\/blog-es\/vale-reanuda-la-produccion-en-vargem-grande\/\" \/>\n<meta property=\"og:locale\" content=\"es_ES\" \/>\n<meta property=\"og:type\" content=\"article\" \/>\n<meta property=\"og:title\" content=\"Vale Reanuda la Producci\u00f3n en Vargem Grande - Promine\" \/>\n<meta property=\"og:description\" content=\"Muchos recordamos aquel fatal d\u00eda de enero del 2019 en el que cerca de 270 personas murieron por colapso y la liberaci\u00f3n de un r\u00edo de lodo que cubri\u00f3 edificios cercanos y forz\u00f3 la evacuaci\u00f3n de cientos de lugare\u00f1os en el estado Brumadinho la cual es operada por Vale, las entidades reguladoras de miner\u00eda en [&hellip;]\" \/>\n<meta property=\"og:url\" content=\"https:\/\/www.promine.com\/es\/blog-es\/vale-reanuda-la-produccion-en-vargem-grande\/\" \/>\n<meta property=\"og:site_name\" content=\"Promine\" \/>\n<meta property=\"article:publisher\" content=\"https:\/\/www.facebook.com\/promineinc\/\" \/>\n<meta property=\"article:published_time\" content=\"2022-08-24T18:53:26+00:00\" \/>\n<meta property=\"article:modified_time\" content=\"2022-08-24T18:53:30+00:00\" \/>\n<meta property=\"og:image\" content=\"https:\/\/www.promine.com\/wp-content\/uploads\/2022\/08\/Jan-Blog-PromineProgeox-FB-11.jpg\" \/>\n\t<meta property=\"og:image:width\" content=\"1200\" \/>\n\t<meta property=\"og:image:height\" content=\"630\" \/>\n\t<meta property=\"og:image:type\" content=\"image\/jpeg\" \/>\n<meta name=\"author\" content=\"Daniela Jaimes\" \/>\n<meta name=\"twitter:card\" content=\"summary_large_image\" \/>\n<meta name=\"twitter:label1\" content=\"Escrito por\" \/>\n\t<meta name=\"twitter:data1\" content=\"Daniela Jaimes\" \/>\n\t<meta name=\"twitter:label2\" content=\"Tiempo de lectura\" \/>\n\t<meta name=\"twitter:data2\" content=\"2 minutos\" \/>\n<script type=\"application\/ld+json\" class=\"yoast-schema-graph\">{\"@context\":\"https:\/\/schema.org\",\"@graph\":[{\"@type\":\"Article\",\"@id\":\"https:\/\/www.promine.com\/es\/blog-es\/vale-reanuda-la-produccion-en-vargem-grande\/#article\",\"isPartOf\":{\"@id\":\"https:\/\/www.promine.com\/es\/blog-es\/vale-reanuda-la-produccion-en-vargem-grande\/\"},\"author\":{\"name\":\"Daniela Jaimes\",\"@id\":\"https:\/\/promine.com\/#\/schema\/person\/4f808ea0e384751aa1273189dc83a028\"},\"headline\":\"Vale Reanuda la Producci\u00f3n en Vargem Grande\",\"datePublished\":\"2022-08-24T18:53:26+00:00\",\"dateModified\":\"2022-08-24T18:53:30+00:00\",\"mainEntityOfPage\":{\"@id\":\"https:\/\/www.promine.com\/es\/blog-es\/vale-reanuda-la-produccion-en-vargem-grande\/\"},\"wordCount\":376,\"publisher\":{\"@id\":\"https:\/\/promine.com\/#organization\"},\"image\":{\"@id\":\"https:\/\/www.promine.com\/es\/blog-es\/vale-reanuda-la-produccion-en-vargem-grande\/#primaryimage\"},\"thumbnailUrl\":\"https:\/\/www.promine.com\/wp-content\/uploads\/2022\/08\/Jan-Blog-PromineProgeox-FB-11.jpg\",\"articleSection\":[\"Blog\"],\"inLanguage\":\"es\"},{\"@type\":\"WebPage\",\"@id\":\"https:\/\/www.promine.com\/es\/blog-es\/vale-reanuda-la-produccion-en-vargem-grande\/\",\"url\":\"https:\/\/www.promine.com\/es\/blog-es\/vale-reanuda-la-produccion-en-vargem-grande\/\",\"name\":\"Vale Reanuda la Producci\u00f3n en Vargem Grande - Promine\",\"isPartOf\":{\"@id\":\"https:\/\/promine.com\/#website\"},\"primaryImageOfPage\":{\"@id\":\"https:\/\/www.promine.com\/es\/blog-es\/vale-reanuda-la-produccion-en-vargem-grande\/#primaryimage\"},\"image\":{\"@id\":\"https:\/\/www.promine.com\/es\/blog-es\/vale-reanuda-la-produccion-en-vargem-grande\/#primaryimage\"},\"thumbnailUrl\":\"https:\/\/www.promine.com\/wp-content\/uploads\/2022\/08\/Jan-Blog-PromineProgeox-FB-11.jpg\",\"datePublished\":\"2022-08-24T18:53:26+00:00\",\"dateModified\":\"2022-08-24T18:53:30+00:00\",\"breadcrumb\":{\"@id\":\"https:\/\/www.promine.com\/es\/blog-es\/vale-reanuda-la-produccion-en-vargem-grande\/#breadcrumb\"},\"inLanguage\":\"es\",\"potentialAction\":[{\"@type\":\"ReadAction\",\"target\":[\"https:\/\/www.promine.com\/es\/blog-es\/vale-reanuda-la-produccion-en-vargem-grande\/\"]}]},{\"@type\":\"ImageObject\",\"inLanguage\":\"es\",\"@id\":\"https:\/\/www.promine.com\/es\/blog-es\/vale-reanuda-la-produccion-en-vargem-grande\/#primaryimage\",\"url\":\"https:\/\/www.promine.com\/wp-content\/uploads\/2022\/08\/Jan-Blog-PromineProgeox-FB-11.jpg\",\"contentUrl\":\"https:\/\/www.promine.com\/wp-content\/uploads\/2022\/08\/Jan-Blog-PromineProgeox-FB-11.jpg\",\"width\":1200,\"height\":630,\"caption\":\"Image Post - Banner Promine\"},{\"@type\":\"BreadcrumbList\",\"@id\":\"https:\/\/www.promine.com\/es\/blog-es\/vale-reanuda-la-produccion-en-vargem-grande\/#breadcrumb\",\"itemListElement\":[{\"@type\":\"ListItem\",\"position\":1,\"name\":\"Home\",\"item\":\"https:\/\/www.promine.com\/es\/\"},{\"@type\":\"ListItem\",\"position\":2,\"name\":\"Vale Reanuda la Producci\u00f3n en Vargem Grande\"}]},{\"@type\":\"WebSite\",\"@id\":\"https:\/\/promine.com\/#website\",\"url\":\"https:\/\/promine.com\/\",\"name\":\"Promine\",\"description\":\"Solutions for Everyday Mining\",\"publisher\":{\"@id\":\"https:\/\/promine.com\/#organization\"},\"potentialAction\":[{\"@type\":\"SearchAction\",\"target\":{\"@type\":\"EntryPoint\",\"urlTemplate\":\"https:\/\/promine.com\/?s={search_term_string}\"},\"query-input\":{\"@type\":\"PropertyValueSpecification\",\"valueRequired\":true,\"valueName\":\"search_term_string\"}}],\"inLanguage\":\"es\"},{\"@type\":\"Organization\",\"@id\":\"https:\/\/promine.com\/#organization\",\"name\":\"Promine\",\"url\":\"https:\/\/promine.com\/\",\"logo\":{\"@type\":\"ImageObject\",\"inLanguage\":\"es\",\"@id\":\"https:\/\/promine.com\/#\/schema\/logo\/image\/\",\"url\":\"https:\/\/www.promine.com\/wp-content\/uploads\/2022\/06\/Promine_Solo_Original_PNG.png\",\"contentUrl\":\"https:\/\/www.promine.com\/wp-content\/uploads\/2022\/06\/Promine_Solo_Original_PNG.png\",\"width\":3576,\"height\":407,\"caption\":\"Promine\"},\"image\":{\"@id\":\"https:\/\/promine.com\/#\/schema\/logo\/image\/\"},\"sameAs\":[\"https:\/\/www.facebook.com\/promineinc\/\"]},{\"@type\":\"Person\",\"@id\":\"https:\/\/promine.com\/#\/schema\/person\/4f808ea0e384751aa1273189dc83a028\",\"name\":\"Daniela Jaimes\",\"image\":{\"@type\":\"ImageObject\",\"inLanguage\":\"es\",\"@id\":\"https:\/\/promine.com\/#\/schema\/person\/image\/\",\"url\":\"https:\/\/promine.com\/wp-content\/uploads\/2023\/06\/Diseno-sin-titulo-6-e1689355958723-96x96.png\",\"contentUrl\":\"https:\/\/promine.com\/wp-content\/uploads\/2023\/06\/Diseno-sin-titulo-6-e1689355958723-96x96.png\",\"caption\":\"Daniela Jaimes\"},\"description\":\"Daniela Jaimes has an undergraduate degree in Marketing and another one in Global Business Management from Universidad Argentina de la Empresa. With experience carrying out digital marketing strategies for companies in various industries. Currently, Daniela is the Marketing Manager at Promine.\",\"url\":\"https:\/\/www.promine.com\/es\/author\/danielajaimes\/\"}]}<\/script>\n<!-- \/ Yoast SEO plugin. -->","yoast_head_json":{"title":"Vale Reanuda la Producci\u00f3n en Vargem Grande - Promine","robots":{"index":"index","follow":"follow","max-snippet":"max-snippet:-1","max-image-preview":"max-image-preview:large","max-video-preview":"max-video-preview:-1"},"canonical":"https:\/\/www.promine.com\/es\/blog-es\/vale-reanuda-la-produccion-en-vargem-grande\/","og_locale":"es_ES","og_type":"article","og_title":"Vale Reanuda la Producci\u00f3n en Vargem Grande - Promine","og_description":"Muchos recordamos aquel fatal d\u00eda de enero del 2019 en el que cerca de 270 personas murieron por colapso y la liberaci\u00f3n de un r\u00edo de lodo que cubri\u00f3 edificios cercanos y forz\u00f3 la evacuaci\u00f3n de cientos de lugare\u00f1os en el estado Brumadinho la cual es operada por Vale, las entidades reguladoras de miner\u00eda en [&hellip;]","og_url":"https:\/\/www.promine.com\/es\/blog-es\/vale-reanuda-la-produccion-en-vargem-grande\/","og_site_name":"Promine","article_publisher":"https:\/\/www.facebook.com\/promineinc\/","article_published_time":"2022-08-24T18:53:26+00:00","article_modified_time":"2022-08-24T18:53:30+00:00","og_image":[{"width":1200,"height":630,"url":"https:\/\/www.promine.com\/wp-content\/uploads\/2022\/08\/Jan-Blog-PromineProgeox-FB-11.jpg","type":"image\/jpeg"}],"author":"Daniela Jaimes","twitter_card":"summary_large_image","twitter_misc":{"Escrito por":"Daniela Jaimes","Tiempo de lectura":"2 minutos"},"schema":{"@context":"https:\/\/schema.org","@graph":[{"@type":"Article","@id":"https:\/\/www.promine.com\/es\/blog-es\/vale-reanuda-la-produccion-en-vargem-grande\/#article","isPartOf":{"@id":"https:\/\/www.promine.com\/es\/blog-es\/vale-reanuda-la-produccion-en-vargem-grande\/"},"author":{"name":"Daniela Jaimes","@id":"https:\/\/promine.com\/#\/schema\/person\/4f808ea0e384751aa1273189dc83a028"},"headline":"Vale Reanuda la Producci\u00f3n en Vargem Grande","datePublished":"2022-08-24T18:53:26+00:00","dateModified":"2022-08-24T18:53:30+00:00","mainEntityOfPage":{"@id":"https:\/\/www.promine.com\/es\/blog-es\/vale-reanuda-la-produccion-en-vargem-grande\/"},"wordCount":376,"publisher":{"@id":"https:\/\/promine.com\/#organization"},"image":{"@id":"https:\/\/www.promine.com\/es\/blog-es\/vale-reanuda-la-produccion-en-vargem-grande\/#primaryimage"},"thumbnailUrl":"https:\/\/www.promine.com\/wp-content\/uploads\/2022\/08\/Jan-Blog-PromineProgeox-FB-11.jpg","articleSection":["Blog"],"inLanguage":"es"},{"@type":"WebPage","@id":"https:\/\/www.promine.com\/es\/blog-es\/vale-reanuda-la-produccion-en-vargem-grande\/","url":"https:\/\/www.promine.com\/es\/blog-es\/vale-reanuda-la-produccion-en-vargem-grande\/","name":"Vale Reanuda la Producci\u00f3n en Vargem Grande - Promine","isPartOf":{"@id":"https:\/\/promine.com\/#website"},"primaryImageOfPage":{"@id":"https:\/\/www.promine.com\/es\/blog-es\/vale-reanuda-la-produccion-en-vargem-grande\/#primaryimage"},"image":{"@id":"https:\/\/www.promine.com\/es\/blog-es\/vale-reanuda-la-produccion-en-vargem-grande\/#primaryimage"},"thumbnailUrl":"https:\/\/www.promine.com\/wp-content\/uploads\/2022\/08\/Jan-Blog-PromineProgeox-FB-11.jpg","datePublished":"2022-08-24T18:53:26+00:00","dateModified":"2022-08-24T18:53:30+00:00","breadcrumb":{"@id":"https:\/\/www.promine.com\/es\/blog-es\/vale-reanuda-la-produccion-en-vargem-grande\/#breadcrumb"},"inLanguage":"es","potentialAction":[{"@type":"ReadAction","target":["https:\/\/www.promine.com\/es\/blog-es\/vale-reanuda-la-produccion-en-vargem-grande\/"]}]},{"@type":"ImageObject","inLanguage":"es","@id":"https:\/\/www.promine.com\/es\/blog-es\/vale-reanuda-la-produccion-en-vargem-grande\/#primaryimage","url":"https:\/\/www.promine.com\/wp-content\/uploads\/2022\/08\/Jan-Blog-PromineProgeox-FB-11.jpg","contentUrl":"https:\/\/www.promine.com\/wp-content\/uploads\/2022\/08\/Jan-Blog-PromineProgeox-FB-11.jpg","width":1200,"height":630,"caption":"Image Post - Banner Promine"},{"@type":"BreadcrumbList","@id":"https:\/\/www.promine.com\/es\/blog-es\/vale-reanuda-la-produccion-en-vargem-grande\/#breadcrumb","itemListElement":[{"@type":"ListItem","position":1,"name":"Home","item":"https:\/\/www.promine.com\/es\/"},{"@type":"ListItem","position":2,"name":"Vale Reanuda la Producci\u00f3n en Vargem Grande"}]},{"@type":"WebSite","@id":"https:\/\/promine.com\/#website","url":"https:\/\/promine.com\/","name":"Promine","description":"Solutions for Everyday Mining","publisher":{"@id":"https:\/\/promine.com\/#organization"},"potentialAction":[{"@type":"SearchAction","target":{"@type":"EntryPoint","urlTemplate":"https:\/\/promine.com\/?s={search_term_string}"},"query-input":{"@type":"PropertyValueSpecification","valueRequired":true,"valueName":"search_term_string"}}],"inLanguage":"es"},{"@type":"Organization","@id":"https:\/\/promine.com\/#organization","name":"Promine","url":"https:\/\/promine.com\/","logo":{"@type":"ImageObject","inLanguage":"es","@id":"https:\/\/promine.com\/#\/schema\/logo\/image\/","url":"https:\/\/www.promine.com\/wp-content\/uploads\/2022\/06\/Promine_Solo_Original_PNG.png","contentUrl":"https:\/\/www.promine.com\/wp-content\/uploads\/2022\/06\/Promine_Solo_Original_PNG.png","width":3576,"height":407,"caption":"Promine"},"image":{"@id":"https:\/\/promine.com\/#\/schema\/logo\/image\/"},"sameAs":["https:\/\/www.facebook.com\/promineinc\/"]},{"@type":"Person","@id":"https:\/\/promine.com\/#\/schema\/person\/4f808ea0e384751aa1273189dc83a028","name":"Daniela Jaimes","image":{"@type":"ImageObject","inLanguage":"es","@id":"https:\/\/promine.com\/#\/schema\/person\/image\/","url":"https:\/\/promine.com\/wp-content\/uploads\/2023\/06\/Diseno-sin-titulo-6-e1689355958723-96x96.png","contentUrl":"https:\/\/promine.com\/wp-content\/uploads\/2023\/06\/Diseno-sin-titulo-6-e1689355958723-96x96.png","caption":"Daniela Jaimes"},"description":"Daniela Jaimes has an undergraduate degree in Marketing and another one in Global Business Management from Universidad Argentina de la Empresa. With experience carrying out digital marketing strategies for companies in various industries. Currently, Daniela is the Marketing Manager at Promine.","url":"https:\/\/www.promine.com\/es\/author\/danielajaimes\/"}]}},"_links":{"self":[{"href":"https:\/\/www.promine.com\/es\/wp-json\/wp\/v2\/posts\/8777","targetHints":{"allow":["GET"]}}],"collection":[{"href":"https:\/\/www.promine.com\/es\/wp-json\/wp\/v2\/posts"}],"about":[{"href":"https:\/\/www.promine.com\/es\/wp-json\/wp\/v2\/types\/post"}],"author":[{"embeddable":true,"href":"https:\/\/www.promine.com\/es\/wp-json\/wp\/v2\/users\/13"}],"replies":[{"embeddable":true,"href":"https:\/\/www.promine.com\/es\/wp-json\/wp\/v2\/comments?post=8777"}],"version-history":[{"count":1,"href":"https:\/\/www.promine.com\/es\/wp-json\/wp\/v2\/posts\/8777\/revisions"}],"predecessor-version":[{"id":8778,"href":"https:\/\/www.promine.com\/es\/wp-json\/wp\/v2\/posts\/8777\/revisions\/8778"}],"wp:featuredmedia":[{"embeddable":true,"href":"https:\/\/www.promine.com\/es\/wp-json\/wp\/v2\/media\/8003"}],"wp:attachment":[{"href":"https:\/\/www.promine.com\/es\/wp-json\/wp\/v2\/media?parent=8777"}],"wp:term":[{"taxonomy":"category","embeddable":true,"href":"https:\/\/www.promine.com\/es\/wp-json\/wp\/v2\/categories?post=8777"},{"taxonomy":"post_tag","embeddable":true,"href":"https:\/\/www.promine.com\/es\/wp-json\/wp\/v2\/tags?post=8777"}],"curies":[{"name":"wp","href":"https:\/\/api.w.org\/{rel}","templated":true}]}}