{"id":8704,"date":"2022-08-22T14:10:12","date_gmt":"2022-08-22T18:10:12","guid":{"rendered":"https:\/\/promine.com\/?p=8704"},"modified":"2022-08-22T14:10:16","modified_gmt":"2022-08-22T18:10:16","slug":"como-crear-y-personalizar-espacios-de-trabajo-y-barras-de-herramientas","status":"publish","type":"post","link":"https:\/\/www.promine.com\/es\/tips-del-mes-es\/como-crear-y-personalizar-espacios-de-trabajo-y-barras-de-herramientas\/","title":{"rendered":"C\u00f3mo Crear y Personalizar Espacios de Trabajo y Barras de Herramientas"},"content":{"rendered":"\n<p>AutoCAD le permite personalizar su propio espacio de trabajo dise\u00f1ando sus propias pesta\u00f1as, paneles y comandos. Adem\u00e1s, puede incluir sus comandos favoritos en una barra de herramientas personalizada.\u00a0<\/p>\n\n\n\n<figure class=\"wp-block-embed is-type-video is-provider-youtube wp-block-embed-youtube wp-embed-aspect-16-9 wp-has-aspect-ratio\"><div class=\"wp-block-embed__wrapper\">\n<iframe title=\"C\u00f3mo crear y personalizar espacios de trabajo y barras de herramientas | Tip del Mes\" width=\"800\" height=\"450\" src=\"https:\/\/www.youtube.com\/embed\/7bAa0mB2PYg?feature=oembed\" frameborder=\"0\" allow=\"accelerometer; autoplay; clipboard-write; encrypted-media; gyroscope; picture-in-picture\" allowfullscreen><\/iframe>\n<\/div><\/figure>\n","protected":false},"excerpt":{"rendered":"<p>AutoCAD le permite personalizar su propio espacio de trabajo dise\u00f1ando sus propias pesta\u00f1as, paneles y comandos. Adem\u00e1s, puede incluir sus comandos favoritos en una barra de herramientas personalizada.\u00a0<\/p>\n","protected":false},"author":13,"featured_media":8705,"comment_status":"closed","ping_status":"open","sticky":false,"template":"","format":"standard","meta":{"_acf_changed":false,"footnotes":""},"categories":[105],"tags":[],"class_list":["post-8704","post","type-post","status-publish","format-standard","has-post-thumbnail","hentry","category-tips-del-mes-es"],"acf":[],"yoast_head":"<!-- This site is optimized with the Yoast SEO plugin v24.0 - https:\/\/yoast.com\/wordpress\/plugins\/seo\/ -->\n<title>C\u00f3mo Crear y Personalizar Espacios de Trabajo y Barras de Herramientas - Promine<\/title>\n<meta name=\"robots\" content=\"index, follow, max-snippet:-1, max-image-preview:large, max-video-preview:-1\" \/>\n<link rel=\"canonical\" href=\"https:\/\/www.promine.com\/es\/tips-del-mes-es\/como-crear-y-personalizar-espacios-de-trabajo-y-barras-de-herramientas\/\" \/>\n<meta property=\"og:locale\" content=\"es_ES\" \/>\n<meta property=\"og:type\" content=\"article\" \/>\n<meta property=\"og:title\" content=\"C\u00f3mo Crear y Personalizar Espacios de Trabajo y Barras de Herramientas - Promine\" \/>\n<meta property=\"og:description\" content=\"AutoCAD le permite personalizar su propio espacio de trabajo dise\u00f1ando sus propias pesta\u00f1as, paneles y comandos. Adem\u00e1s, puede incluir sus comandos favoritos en una barra de herramientas personalizada.\u00a0\" \/>\n<meta property=\"og:url\" content=\"https:\/\/www.promine.com\/es\/tips-del-mes-es\/como-crear-y-personalizar-espacios-de-trabajo-y-barras-de-herramientas\/\" \/>\n<meta property=\"og:site_name\" content=\"Promine\" \/>\n<meta property=\"article:publisher\" content=\"https:\/\/www.facebook.com\/promineinc\/\" \/>\n<meta property=\"article:published_time\" content=\"2022-08-22T18:10:12+00:00\" \/>\n<meta property=\"article:modified_time\" content=\"2022-08-22T18:10:16+00:00\" \/>\n<meta property=\"og:image\" content=\"https:\/\/www.promine.com\/wp-content\/uploads\/2022\/08\/Promine-TOTM-Facebook-13-16.jpg\" \/>\n\t<meta property=\"og:image:width\" content=\"1200\" \/>\n\t<meta property=\"og:image:height\" content=\"630\" \/>\n\t<meta property=\"og:image:type\" content=\"image\/jpeg\" \/>\n<meta name=\"author\" content=\"Daniela Jaimes\" \/>\n<meta name=\"twitter:card\" content=\"summary_large_image\" \/>\n<meta name=\"twitter:label1\" content=\"Escrito por\" \/>\n\t<meta name=\"twitter:data1\" content=\"Daniela Jaimes\" \/>\n<script type=\"application\/ld+json\" class=\"yoast-schema-graph\">{\"@context\":\"https:\/\/schema.org\",\"@graph\":[{\"@type\":\"Article\",\"@id\":\"https:\/\/www.promine.com\/es\/tips-del-mes-es\/como-crear-y-personalizar-espacios-de-trabajo-y-barras-de-herramientas\/#article\",\"isPartOf\":{\"@id\":\"https:\/\/www.promine.com\/es\/tips-del-mes-es\/como-crear-y-personalizar-espacios-de-trabajo-y-barras-de-herramientas\/\"},\"author\":{\"name\":\"Daniela Jaimes\",\"@id\":\"https:\/\/promine.com\/#\/schema\/person\/4f808ea0e384751aa1273189dc83a028\"},\"headline\":\"C\u00f3mo Crear y Personalizar Espacios de Trabajo y Barras de Herramientas\",\"datePublished\":\"2022-08-22T18:10:12+00:00\",\"dateModified\":\"2022-08-22T18:10:16+00:00\",\"mainEntityOfPage\":{\"@id\":\"https:\/\/www.promine.com\/es\/tips-del-mes-es\/como-crear-y-personalizar-espacios-de-trabajo-y-barras-de-herramientas\/\"},\"wordCount\":52,\"publisher\":{\"@id\":\"https:\/\/promine.com\/#organization\"},\"image\":{\"@id\":\"https:\/\/www.promine.com\/es\/tips-del-mes-es\/como-crear-y-personalizar-espacios-de-trabajo-y-barras-de-herramientas\/#primaryimage\"},\"thumbnailUrl\":\"https:\/\/www.promine.com\/wp-content\/uploads\/2022\/08\/Promine-TOTM-Facebook-13-16.jpg\",\"articleSection\":[\"Tips del Mes\"],\"inLanguage\":\"es\"},{\"@type\":\"WebPage\",\"@id\":\"https:\/\/www.promine.com\/es\/tips-del-mes-es\/como-crear-y-personalizar-espacios-de-trabajo-y-barras-de-herramientas\/\",\"url\":\"https:\/\/www.promine.com\/es\/tips-del-mes-es\/como-crear-y-personalizar-espacios-de-trabajo-y-barras-de-herramientas\/\",\"name\":\"C\u00f3mo Crear y Personalizar Espacios de Trabajo y Barras de Herramientas - Promine\",\"isPartOf\":{\"@id\":\"https:\/\/promine.com\/#website\"},\"primaryImageOfPage\":{\"@id\":\"https:\/\/www.promine.com\/es\/tips-del-mes-es\/como-crear-y-personalizar-espacios-de-trabajo-y-barras-de-herramientas\/#primaryimage\"},\"image\":{\"@id\":\"https:\/\/www.promine.com\/es\/tips-del-mes-es\/como-crear-y-personalizar-espacios-de-trabajo-y-barras-de-herramientas\/#primaryimage\"},\"thumbnailUrl\":\"https:\/\/www.promine.com\/wp-content\/uploads\/2022\/08\/Promine-TOTM-Facebook-13-16.jpg\",\"datePublished\":\"2022-08-22T18:10:12+00:00\",\"dateModified\":\"2022-08-22T18:10:16+00:00\",\"breadcrumb\":{\"@id\":\"https:\/\/www.promine.com\/es\/tips-del-mes-es\/como-crear-y-personalizar-espacios-de-trabajo-y-barras-de-herramientas\/#breadcrumb\"},\"inLanguage\":\"es\",\"potentialAction\":[{\"@type\":\"ReadAction\",\"target\":[\"https:\/\/www.promine.com\/es\/tips-del-mes-es\/como-crear-y-personalizar-espacios-de-trabajo-y-barras-de-herramientas\/\"]}]},{\"@type\":\"ImageObject\",\"inLanguage\":\"es\",\"@id\":\"https:\/\/www.promine.com\/es\/tips-del-mes-es\/como-crear-y-personalizar-espacios-de-trabajo-y-barras-de-herramientas\/#primaryimage\",\"url\":\"https:\/\/www.promine.com\/wp-content\/uploads\/2022\/08\/Promine-TOTM-Facebook-13-16.jpg\",\"contentUrl\":\"https:\/\/www.promine.com\/wp-content\/uploads\/2022\/08\/Promine-TOTM-Facebook-13-16.jpg\",\"width\":1200,\"height\":630,\"caption\":\"C\u00f3mo crear y personalizar espacios de trabajo y barras de herramientas - Promine Banner Tip del mes\"},{\"@type\":\"BreadcrumbList\",\"@id\":\"https:\/\/www.promine.com\/es\/tips-del-mes-es\/como-crear-y-personalizar-espacios-de-trabajo-y-barras-de-herramientas\/#breadcrumb\",\"itemListElement\":[{\"@type\":\"ListItem\",\"position\":1,\"name\":\"Home\",\"item\":\"https:\/\/www.promine.com\/es\/\"},{\"@type\":\"ListItem\",\"position\":2,\"name\":\"C\u00f3mo Crear y Personalizar Espacios de Trabajo y Barras de Herramientas\"}]},{\"@type\":\"WebSite\",\"@id\":\"https:\/\/promine.com\/#website\",\"url\":\"https:\/\/promine.com\/\",\"name\":\"Promine\",\"description\":\"Solutions for Everyday Mining\",\"publisher\":{\"@id\":\"https:\/\/promine.com\/#organization\"},\"potentialAction\":[{\"@type\":\"SearchAction\",\"target\":{\"@type\":\"EntryPoint\",\"urlTemplate\":\"https:\/\/promine.com\/?s={search_term_string}\"},\"query-input\":{\"@type\":\"PropertyValueSpecification\",\"valueRequired\":true,\"valueName\":\"search_term_string\"}}],\"inLanguage\":\"es\"},{\"@type\":\"Organization\",\"@id\":\"https:\/\/promine.com\/#organization\",\"name\":\"Promine\",\"url\":\"https:\/\/promine.com\/\",\"logo\":{\"@type\":\"ImageObject\",\"inLanguage\":\"es\",\"@id\":\"https:\/\/promine.com\/#\/schema\/logo\/image\/\",\"url\":\"https:\/\/www.promine.com\/wp-content\/uploads\/2022\/06\/Promine_Solo_Original_PNG.png\",\"contentUrl\":\"https:\/\/www.promine.com\/wp-content\/uploads\/2022\/06\/Promine_Solo_Original_PNG.png\",\"width\":3576,\"height\":407,\"caption\":\"Promine\"},\"image\":{\"@id\":\"https:\/\/promine.com\/#\/schema\/logo\/image\/\"},\"sameAs\":[\"https:\/\/www.facebook.com\/promineinc\/\"]},{\"@type\":\"Person\",\"@id\":\"https:\/\/promine.com\/#\/schema\/person\/4f808ea0e384751aa1273189dc83a028\",\"name\":\"Daniela Jaimes\",\"image\":{\"@type\":\"ImageObject\",\"inLanguage\":\"es\",\"@id\":\"https:\/\/promine.com\/#\/schema\/person\/image\/\",\"url\":\"https:\/\/promine.com\/wp-content\/uploads\/2023\/06\/Diseno-sin-titulo-6-e1689355958723-96x96.png\",\"contentUrl\":\"https:\/\/promine.com\/wp-content\/uploads\/2023\/06\/Diseno-sin-titulo-6-e1689355958723-96x96.png\",\"caption\":\"Daniela Jaimes\"},\"description\":\"Daniela Jaimes has an undergraduate degree in Marketing and another one in Global Business Management from Universidad Argentina de la Empresa. With experience carrying out digital marketing strategies for companies in various industries. Currently, Daniela is the Marketing Manager at Promine.\",\"url\":\"https:\/\/www.promine.com\/es\/author\/danielajaimes\/\"}]}<\/script>\n<!-- \/ Yoast SEO plugin. -->","yoast_head_json":{"title":"C\u00f3mo Crear y Personalizar Espacios de Trabajo y Barras de Herramientas - Promine","robots":{"index":"index","follow":"follow","max-snippet":"max-snippet:-1","max-image-preview":"max-image-preview:large","max-video-preview":"max-video-preview:-1"},"canonical":"https:\/\/www.promine.com\/es\/tips-del-mes-es\/como-crear-y-personalizar-espacios-de-trabajo-y-barras-de-herramientas\/","og_locale":"es_ES","og_type":"article","og_title":"C\u00f3mo Crear y Personalizar Espacios de Trabajo y Barras de Herramientas - Promine","og_description":"AutoCAD le permite personalizar su propio espacio de trabajo dise\u00f1ando sus propias pesta\u00f1as, paneles y comandos. Adem\u00e1s, puede incluir sus comandos favoritos en una barra de herramientas personalizada.\u00a0","og_url":"https:\/\/www.promine.com\/es\/tips-del-mes-es\/como-crear-y-personalizar-espacios-de-trabajo-y-barras-de-herramientas\/","og_site_name":"Promine","article_publisher":"https:\/\/www.facebook.com\/promineinc\/","article_published_time":"2022-08-22T18:10:12+00:00","article_modified_time":"2022-08-22T18:10:16+00:00","og_image":[{"width":1200,"height":630,"url":"https:\/\/www.promine.com\/wp-content\/uploads\/2022\/08\/Promine-TOTM-Facebook-13-16.jpg","type":"image\/jpeg"}],"author":"Daniela Jaimes","twitter_card":"summary_large_image","twitter_misc":{"Escrito por":"Daniela Jaimes"},"schema":{"@context":"https:\/\/schema.org","@graph":[{"@type":"Article","@id":"https:\/\/www.promine.com\/es\/tips-del-mes-es\/como-crear-y-personalizar-espacios-de-trabajo-y-barras-de-herramientas\/#article","isPartOf":{"@id":"https:\/\/www.promine.com\/es\/tips-del-mes-es\/como-crear-y-personalizar-espacios-de-trabajo-y-barras-de-herramientas\/"},"author":{"name":"Daniela Jaimes","@id":"https:\/\/promine.com\/#\/schema\/person\/4f808ea0e384751aa1273189dc83a028"},"headline":"C\u00f3mo Crear y Personalizar Espacios de Trabajo y Barras de Herramientas","datePublished":"2022-08-22T18:10:12+00:00","dateModified":"2022-08-22T18:10:16+00:00","mainEntityOfPage":{"@id":"https:\/\/www.promine.com\/es\/tips-del-mes-es\/como-crear-y-personalizar-espacios-de-trabajo-y-barras-de-herramientas\/"},"wordCount":52,"publisher":{"@id":"https:\/\/promine.com\/#organization"},"image":{"@id":"https:\/\/www.promine.com\/es\/tips-del-mes-es\/como-crear-y-personalizar-espacios-de-trabajo-y-barras-de-herramientas\/#primaryimage"},"thumbnailUrl":"https:\/\/www.promine.com\/wp-content\/uploads\/2022\/08\/Promine-TOTM-Facebook-13-16.jpg","articleSection":["Tips del Mes"],"inLanguage":"es"},{"@type":"WebPage","@id":"https:\/\/www.promine.com\/es\/tips-del-mes-es\/como-crear-y-personalizar-espacios-de-trabajo-y-barras-de-herramientas\/","url":"https:\/\/www.promine.com\/es\/tips-del-mes-es\/como-crear-y-personalizar-espacios-de-trabajo-y-barras-de-herramientas\/","name":"C\u00f3mo Crear y Personalizar Espacios de Trabajo y Barras de Herramientas - Promine","isPartOf":{"@id":"https:\/\/promine.com\/#website"},"primaryImageOfPage":{"@id":"https:\/\/www.promine.com\/es\/tips-del-mes-es\/como-crear-y-personalizar-espacios-de-trabajo-y-barras-de-herramientas\/#primaryimage"},"image":{"@id":"https:\/\/www.promine.com\/es\/tips-del-mes-es\/como-crear-y-personalizar-espacios-de-trabajo-y-barras-de-herramientas\/#primaryimage"},"thumbnailUrl":"https:\/\/www.promine.com\/wp-content\/uploads\/2022\/08\/Promine-TOTM-Facebook-13-16.jpg","datePublished":"2022-08-22T18:10:12+00:00","dateModified":"2022-08-22T18:10:16+00:00","breadcrumb":{"@id":"https:\/\/www.promine.com\/es\/tips-del-mes-es\/como-crear-y-personalizar-espacios-de-trabajo-y-barras-de-herramientas\/#breadcrumb"},"inLanguage":"es","potentialAction":[{"@type":"ReadAction","target":["https:\/\/www.promine.com\/es\/tips-del-mes-es\/como-crear-y-personalizar-espacios-de-trabajo-y-barras-de-herramientas\/"]}]},{"@type":"ImageObject","inLanguage":"es","@id":"https:\/\/www.promine.com\/es\/tips-del-mes-es\/como-crear-y-personalizar-espacios-de-trabajo-y-barras-de-herramientas\/#primaryimage","url":"https:\/\/www.promine.com\/wp-content\/uploads\/2022\/08\/Promine-TOTM-Facebook-13-16.jpg","contentUrl":"https:\/\/www.promine.com\/wp-content\/uploads\/2022\/08\/Promine-TOTM-Facebook-13-16.jpg","width":1200,"height":630,"caption":"C\u00f3mo crear y personalizar espacios de trabajo y barras de herramientas - Promine Banner Tip del mes"},{"@type":"BreadcrumbList","@id":"https:\/\/www.promine.com\/es\/tips-del-mes-es\/como-crear-y-personalizar-espacios-de-trabajo-y-barras-de-herramientas\/#breadcrumb","itemListElement":[{"@type":"ListItem","position":1,"name":"Home","item":"https:\/\/www.promine.com\/es\/"},{"@type":"ListItem","position":2,"name":"C\u00f3mo Crear y Personalizar Espacios de Trabajo y Barras de Herramientas"}]},{"@type":"WebSite","@id":"https:\/\/promine.com\/#website","url":"https:\/\/promine.com\/","name":"Promine","description":"Solutions for Everyday Mining","publisher":{"@id":"https:\/\/promine.com\/#organization"},"potentialAction":[{"@type":"SearchAction","target":{"@type":"EntryPoint","urlTemplate":"https:\/\/promine.com\/?s={search_term_string}"},"query-input":{"@type":"PropertyValueSpecification","valueRequired":true,"valueName":"search_term_string"}}],"inLanguage":"es"},{"@type":"Organization","@id":"https:\/\/promine.com\/#organization","name":"Promine","url":"https:\/\/promine.com\/","logo":{"@type":"ImageObject","inLanguage":"es","@id":"https:\/\/promine.com\/#\/schema\/logo\/image\/","url":"https:\/\/www.promine.com\/wp-content\/uploads\/2022\/06\/Promine_Solo_Original_PNG.png","contentUrl":"https:\/\/www.promine.com\/wp-content\/uploads\/2022\/06\/Promine_Solo_Original_PNG.png","width":3576,"height":407,"caption":"Promine"},"image":{"@id":"https:\/\/promine.com\/#\/schema\/logo\/image\/"},"sameAs":["https:\/\/www.facebook.com\/promineinc\/"]},{"@type":"Person","@id":"https:\/\/promine.com\/#\/schema\/person\/4f808ea0e384751aa1273189dc83a028","name":"Daniela Jaimes","image":{"@type":"ImageObject","inLanguage":"es","@id":"https:\/\/promine.com\/#\/schema\/person\/image\/","url":"https:\/\/promine.com\/wp-content\/uploads\/2023\/06\/Diseno-sin-titulo-6-e1689355958723-96x96.png","contentUrl":"https:\/\/promine.com\/wp-content\/uploads\/2023\/06\/Diseno-sin-titulo-6-e1689355958723-96x96.png","caption":"Daniela Jaimes"},"description":"Daniela Jaimes has an undergraduate degree in Marketing and another one in Global Business Management from Universidad Argentina de la Empresa. With experience carrying out digital marketing strategies for companies in various industries. Currently, Daniela is the Marketing Manager at Promine.","url":"https:\/\/www.promine.com\/es\/author\/danielajaimes\/"}]}},"_links":{"self":[{"href":"https:\/\/www.promine.com\/es\/wp-json\/wp\/v2\/posts\/8704","targetHints":{"allow":["GET"]}}],"collection":[{"href":"https:\/\/www.promine.com\/es\/wp-json\/wp\/v2\/posts"}],"about":[{"href":"https:\/\/www.promine.com\/es\/wp-json\/wp\/v2\/types\/post"}],"author":[{"embeddable":true,"href":"https:\/\/www.promine.com\/es\/wp-json\/wp\/v2\/users\/13"}],"replies":[{"embeddable":true,"href":"https:\/\/www.promine.com\/es\/wp-json\/wp\/v2\/comments?post=8704"}],"version-history":[{"count":1,"href":"https:\/\/www.promine.com\/es\/wp-json\/wp\/v2\/posts\/8704\/revisions"}],"predecessor-version":[{"id":8708,"href":"https:\/\/www.promine.com\/es\/wp-json\/wp\/v2\/posts\/8704\/revisions\/8708"}],"wp:featuredmedia":[{"embeddable":true,"href":"https:\/\/www.promine.com\/es\/wp-json\/wp\/v2\/media\/8705"}],"wp:attachment":[{"href":"https:\/\/www.promine.com\/es\/wp-json\/wp\/v2\/media?parent=8704"}],"wp:term":[{"taxonomy":"category","embeddable":true,"href":"https:\/\/www.promine.com\/es\/wp-json\/wp\/v2\/categories?post=8704"},{"taxonomy":"post_tag","embeddable":true,"href":"https:\/\/www.promine.com\/es\/wp-json\/wp\/v2\/tags?post=8704"}],"curies":[{"name":"wp","href":"https:\/\/api.w.org\/{rel}","templated":true}]}}