{"id":8360,"date":"2022-08-16T17:24:03","date_gmt":"2022-08-16T21:24:03","guid":{"rendered":"https:\/\/promine.com\/?p=8360"},"modified":"2022-08-16T17:24:07","modified_gmt":"2022-08-16T21:24:07","slug":"el-covid-19-y-su-impacto-en-la-mineria-del-cobre","status":"publish","type":"post","link":"https:\/\/www.promine.com\/es\/blog-es\/el-covid-19-y-su-impacto-en-la-mineria-del-cobre\/","title":{"rendered":"El Covid-19 y su Impacto en la Miner\u00eda del Cobre"},"content":{"rendered":"\n<p>El coronavirus o COVID-19 viene impactando considerablemente en los mercados de minerales internacionales, en donde uno de los metales con mayor impacto es el cobre. \u202fLa inmovilizaci\u00f3n obligatoria ya se sinti\u00f3 con mas fuerza en el sector minero que hasta hace una semana tenia aislado a un equipo de trabajo en sus operaciones en el Per\u00fa. En chile el 60% de sus minas siguen operando bajo un plan de acci\u00f3n con el foco de prevenir y contener las situaciones que se puedan generar debido al periodo invernal y la situaci\u00f3n de alerta generada por el coronavirus, manteniendo a los trabajadores informados, protegidos y orientados. De modo de no afectar la continuidad operacional. De esta forma es como se mueven las operaciones mineras en los dos pa\u00edses con mayor producci\u00f3n de cobre en el mundo.&nbsp;<\/p>\n\n\n\n<p>El precio del cobre ha ca\u00eddo un 30% durante la propagaci\u00f3n del coronavirus y su impacto en los mayores productores de cobre en el mundo que comparten una dependencia com\u00fan, el metal rojo, ha sido muy significativo. En el primero, Chile, supone el 28% de la oferta y en Per\u00fa, el 12%. Ambos pa\u00edses resienten especialmente la reciente ca\u00edda en la cotizaci\u00f3n de este mineral, que en poco m\u00e1s de un mes ha bajado un 10% pese a partir de niveles ya de por s\u00ed bajos. La dependencia econ\u00f3mica de ambos pa\u00edses es inmensa, con la d\u00e9cima parte de su PIB dependiente de la miner\u00eda.&nbsp;<\/p>\n\n\n\n<p>Asu vez, como todos sabemos China es un gigante de la industria mundial, y Wuhan, una de las 10 mayores econom\u00edas del gigante asi\u00e1tico, la ciudad donde se origin\u00f3 el COVID-19, es un centro importante para la producci\u00f3n de veh\u00edculos, y por ende, consumidores de cobre. Nadie se atreve a bajar la guardia en Wuhan, donde murieron m\u00e1s de 2500 personas y se infectaron a m\u00e1s de 50000, donde hace una semana levantaron la cuarentena despu\u00e9s de 11 semanas. El miedo del virus a\u00fan est\u00e1 muy presente, y para retornar a la vida normal se necesitar\u00e1 un tiempo prudente. Por el momento vienen funcionando restaurantes de comida r\u00e1pida, pero los cines, teatros, pabellones deportivos no pueden abrir por miedo a las aglomeraciones en espacios reducidos.&nbsp;<\/p>\n\n\n\n<p>Sin embargo, existen razones alentadoras para lo que se viene en las pr\u00f3ximas semanas. Una de ellas es que existe un menor suministro de chatarra de cobre, lo que aumenta la demanda de otras formas de metal seg\u00fan el analista de Quantitative Commodity Research, Peter Fertig, advirti\u00f3. \u00abAlgunas personas est\u00e1n convencidas de que las cosas est\u00e1n mejorando y se est\u00e1n posicionando de acuerdo a eso, pero una recuperaci\u00f3n en forma de \u2018V\u2019 podr\u00eda resultar ser s\u00f3lo una ilusi\u00f3n\u00bb. Esperemos la pronta recuperaci\u00f3n del gigante asi\u00e1tico, de quien dependemos enormemente por ser el mayor consumidor mundial de cobre y otros metales industriales. Que la posible recuperaci\u00f3n del precio de este metal, importante para nuestra econom\u00eda, se repunte y se estabilice.<\/p>\n","protected":false},"excerpt":{"rendered":"<p>El coronavirus o COVID-19 viene impactando considerablemente en los mercados de minerales internacionales, en donde uno de los metales con mayor impacto es el cobre. \u202fLa inmovilizaci\u00f3n obligatoria ya se sinti\u00f3 con mas fuerza en el sector minero que hasta hace una semana tenia aislado a un equipo de trabajo en sus operaciones en el [&hellip;]<\/p>\n","protected":false},"author":13,"featured_media":8003,"comment_status":"closed","ping_status":"open","sticky":false,"template":"","format":"standard","meta":{"_acf_changed":false,"footnotes":""},"categories":[92],"tags":[],"class_list":["post-8360","post","type-post","status-publish","format-standard","has-post-thumbnail","hentry","category-blog-es"],"acf":[],"yoast_head":"<!-- This site is optimized with the Yoast SEO plugin v24.0 - https:\/\/yoast.com\/wordpress\/plugins\/seo\/ -->\n<title>El Covid-19 y su Impacto en la Miner\u00eda del Cobre - Promine<\/title>\n<meta name=\"robots\" content=\"index, follow, max-snippet:-1, max-image-preview:large, max-video-preview:-1\" \/>\n<link rel=\"canonical\" href=\"https:\/\/www.promine.com\/es\/blog-es\/el-covid-19-y-su-impacto-en-la-mineria-del-cobre\/\" \/>\n<meta property=\"og:locale\" content=\"es_ES\" \/>\n<meta property=\"og:type\" content=\"article\" \/>\n<meta property=\"og:title\" content=\"El Covid-19 y su Impacto en la Miner\u00eda del Cobre - Promine\" \/>\n<meta property=\"og:description\" content=\"El coronavirus o COVID-19 viene impactando considerablemente en los mercados de minerales internacionales, en donde uno de los metales con mayor impacto es el cobre. \u202fLa inmovilizaci\u00f3n obligatoria ya se sinti\u00f3 con mas fuerza en el sector minero que hasta hace una semana tenia aislado a un equipo de trabajo en sus operaciones en el [&hellip;]\" \/>\n<meta property=\"og:url\" content=\"https:\/\/www.promine.com\/es\/blog-es\/el-covid-19-y-su-impacto-en-la-mineria-del-cobre\/\" \/>\n<meta property=\"og:site_name\" content=\"Promine\" \/>\n<meta property=\"article:publisher\" content=\"https:\/\/www.facebook.com\/promineinc\/\" \/>\n<meta property=\"article:published_time\" content=\"2022-08-16T21:24:03+00:00\" \/>\n<meta property=\"article:modified_time\" content=\"2022-08-16T21:24:07+00:00\" \/>\n<meta property=\"og:image\" content=\"https:\/\/www.promine.com\/wp-content\/uploads\/2022\/08\/Jan-Blog-PromineProgeox-FB-11.jpg\" \/>\n\t<meta property=\"og:image:width\" content=\"1200\" \/>\n\t<meta property=\"og:image:height\" content=\"630\" \/>\n\t<meta property=\"og:image:type\" content=\"image\/jpeg\" \/>\n<meta name=\"author\" content=\"Daniela Jaimes\" \/>\n<meta name=\"twitter:card\" content=\"summary_large_image\" \/>\n<meta name=\"twitter:label1\" content=\"Escrito por\" \/>\n\t<meta name=\"twitter:data1\" content=\"Daniela Jaimes\" \/>\n\t<meta name=\"twitter:label2\" content=\"Tiempo de lectura\" \/>\n\t<meta name=\"twitter:data2\" content=\"3 minutos\" \/>\n<script type=\"application\/ld+json\" class=\"yoast-schema-graph\">{\"@context\":\"https:\/\/schema.org\",\"@graph\":[{\"@type\":\"Article\",\"@id\":\"https:\/\/www.promine.com\/es\/blog-es\/el-covid-19-y-su-impacto-en-la-mineria-del-cobre\/#article\",\"isPartOf\":{\"@id\":\"https:\/\/www.promine.com\/es\/blog-es\/el-covid-19-y-su-impacto-en-la-mineria-del-cobre\/\"},\"author\":{\"name\":\"Daniela Jaimes\",\"@id\":\"https:\/\/promine.com\/#\/schema\/person\/4f808ea0e384751aa1273189dc83a028\"},\"headline\":\"El Covid-19 y su Impacto en la Miner\u00eda del Cobre\",\"datePublished\":\"2022-08-16T21:24:03+00:00\",\"dateModified\":\"2022-08-16T21:24:07+00:00\",\"mainEntityOfPage\":{\"@id\":\"https:\/\/www.promine.com\/es\/blog-es\/el-covid-19-y-su-impacto-en-la-mineria-del-cobre\/\"},\"wordCount\":526,\"publisher\":{\"@id\":\"https:\/\/promine.com\/#organization\"},\"image\":{\"@id\":\"https:\/\/www.promine.com\/es\/blog-es\/el-covid-19-y-su-impacto-en-la-mineria-del-cobre\/#primaryimage\"},\"thumbnailUrl\":\"https:\/\/www.promine.com\/wp-content\/uploads\/2022\/08\/Jan-Blog-PromineProgeox-FB-11.jpg\",\"articleSection\":[\"Blog\"],\"inLanguage\":\"es\"},{\"@type\":\"WebPage\",\"@id\":\"https:\/\/www.promine.com\/es\/blog-es\/el-covid-19-y-su-impacto-en-la-mineria-del-cobre\/\",\"url\":\"https:\/\/www.promine.com\/es\/blog-es\/el-covid-19-y-su-impacto-en-la-mineria-del-cobre\/\",\"name\":\"El Covid-19 y su Impacto en la Miner\u00eda del Cobre - Promine\",\"isPartOf\":{\"@id\":\"https:\/\/promine.com\/#website\"},\"primaryImageOfPage\":{\"@id\":\"https:\/\/www.promine.com\/es\/blog-es\/el-covid-19-y-su-impacto-en-la-mineria-del-cobre\/#primaryimage\"},\"image\":{\"@id\":\"https:\/\/www.promine.com\/es\/blog-es\/el-covid-19-y-su-impacto-en-la-mineria-del-cobre\/#primaryimage\"},\"thumbnailUrl\":\"https:\/\/www.promine.com\/wp-content\/uploads\/2022\/08\/Jan-Blog-PromineProgeox-FB-11.jpg\",\"datePublished\":\"2022-08-16T21:24:03+00:00\",\"dateModified\":\"2022-08-16T21:24:07+00:00\",\"breadcrumb\":{\"@id\":\"https:\/\/www.promine.com\/es\/blog-es\/el-covid-19-y-su-impacto-en-la-mineria-del-cobre\/#breadcrumb\"},\"inLanguage\":\"es\",\"potentialAction\":[{\"@type\":\"ReadAction\",\"target\":[\"https:\/\/www.promine.com\/es\/blog-es\/el-covid-19-y-su-impacto-en-la-mineria-del-cobre\/\"]}]},{\"@type\":\"ImageObject\",\"inLanguage\":\"es\",\"@id\":\"https:\/\/www.promine.com\/es\/blog-es\/el-covid-19-y-su-impacto-en-la-mineria-del-cobre\/#primaryimage\",\"url\":\"https:\/\/www.promine.com\/wp-content\/uploads\/2022\/08\/Jan-Blog-PromineProgeox-FB-11.jpg\",\"contentUrl\":\"https:\/\/www.promine.com\/wp-content\/uploads\/2022\/08\/Jan-Blog-PromineProgeox-FB-11.jpg\",\"width\":1200,\"height\":630,\"caption\":\"Image Post - Banner Promine\"},{\"@type\":\"BreadcrumbList\",\"@id\":\"https:\/\/www.promine.com\/es\/blog-es\/el-covid-19-y-su-impacto-en-la-mineria-del-cobre\/#breadcrumb\",\"itemListElement\":[{\"@type\":\"ListItem\",\"position\":1,\"name\":\"Home\",\"item\":\"https:\/\/www.promine.com\/es\/\"},{\"@type\":\"ListItem\",\"position\":2,\"name\":\"El Covid-19 y su Impacto en la Miner\u00eda del Cobre\"}]},{\"@type\":\"WebSite\",\"@id\":\"https:\/\/promine.com\/#website\",\"url\":\"https:\/\/promine.com\/\",\"name\":\"Promine\",\"description\":\"Solutions for Everyday Mining\",\"publisher\":{\"@id\":\"https:\/\/promine.com\/#organization\"},\"potentialAction\":[{\"@type\":\"SearchAction\",\"target\":{\"@type\":\"EntryPoint\",\"urlTemplate\":\"https:\/\/promine.com\/?s={search_term_string}\"},\"query-input\":{\"@type\":\"PropertyValueSpecification\",\"valueRequired\":true,\"valueName\":\"search_term_string\"}}],\"inLanguage\":\"es\"},{\"@type\":\"Organization\",\"@id\":\"https:\/\/promine.com\/#organization\",\"name\":\"Promine\",\"url\":\"https:\/\/promine.com\/\",\"logo\":{\"@type\":\"ImageObject\",\"inLanguage\":\"es\",\"@id\":\"https:\/\/promine.com\/#\/schema\/logo\/image\/\",\"url\":\"https:\/\/www.promine.com\/wp-content\/uploads\/2022\/06\/Promine_Solo_Original_PNG.png\",\"contentUrl\":\"https:\/\/www.promine.com\/wp-content\/uploads\/2022\/06\/Promine_Solo_Original_PNG.png\",\"width\":3576,\"height\":407,\"caption\":\"Promine\"},\"image\":{\"@id\":\"https:\/\/promine.com\/#\/schema\/logo\/image\/\"},\"sameAs\":[\"https:\/\/www.facebook.com\/promineinc\/\"]},{\"@type\":\"Person\",\"@id\":\"https:\/\/promine.com\/#\/schema\/person\/4f808ea0e384751aa1273189dc83a028\",\"name\":\"Daniela Jaimes\",\"image\":{\"@type\":\"ImageObject\",\"inLanguage\":\"es\",\"@id\":\"https:\/\/promine.com\/#\/schema\/person\/image\/\",\"url\":\"https:\/\/promine.com\/wp-content\/uploads\/2023\/06\/Diseno-sin-titulo-6-e1689355958723-96x96.png\",\"contentUrl\":\"https:\/\/promine.com\/wp-content\/uploads\/2023\/06\/Diseno-sin-titulo-6-e1689355958723-96x96.png\",\"caption\":\"Daniela Jaimes\"},\"description\":\"Daniela Jaimes has an undergraduate degree in Marketing and another one in Global Business Management from Universidad Argentina de la Empresa. With experience carrying out digital marketing strategies for companies in various industries. Currently, Daniela is the Marketing Manager at Promine.\",\"url\":\"https:\/\/www.promine.com\/es\/author\/danielajaimes\/\"}]}<\/script>\n<!-- \/ Yoast SEO plugin. -->","yoast_head_json":{"title":"El Covid-19 y su Impacto en la Miner\u00eda del Cobre - Promine","robots":{"index":"index","follow":"follow","max-snippet":"max-snippet:-1","max-image-preview":"max-image-preview:large","max-video-preview":"max-video-preview:-1"},"canonical":"https:\/\/www.promine.com\/es\/blog-es\/el-covid-19-y-su-impacto-en-la-mineria-del-cobre\/","og_locale":"es_ES","og_type":"article","og_title":"El Covid-19 y su Impacto en la Miner\u00eda del Cobre - Promine","og_description":"El coronavirus o COVID-19 viene impactando considerablemente en los mercados de minerales internacionales, en donde uno de los metales con mayor impacto es el cobre. \u202fLa inmovilizaci\u00f3n obligatoria ya se sinti\u00f3 con mas fuerza en el sector minero que hasta hace una semana tenia aislado a un equipo de trabajo en sus operaciones en el [&hellip;]","og_url":"https:\/\/www.promine.com\/es\/blog-es\/el-covid-19-y-su-impacto-en-la-mineria-del-cobre\/","og_site_name":"Promine","article_publisher":"https:\/\/www.facebook.com\/promineinc\/","article_published_time":"2022-08-16T21:24:03+00:00","article_modified_time":"2022-08-16T21:24:07+00:00","og_image":[{"width":1200,"height":630,"url":"https:\/\/www.promine.com\/wp-content\/uploads\/2022\/08\/Jan-Blog-PromineProgeox-FB-11.jpg","type":"image\/jpeg"}],"author":"Daniela Jaimes","twitter_card":"summary_large_image","twitter_misc":{"Escrito por":"Daniela Jaimes","Tiempo de lectura":"3 minutos"},"schema":{"@context":"https:\/\/schema.org","@graph":[{"@type":"Article","@id":"https:\/\/www.promine.com\/es\/blog-es\/el-covid-19-y-su-impacto-en-la-mineria-del-cobre\/#article","isPartOf":{"@id":"https:\/\/www.promine.com\/es\/blog-es\/el-covid-19-y-su-impacto-en-la-mineria-del-cobre\/"},"author":{"name":"Daniela Jaimes","@id":"https:\/\/promine.com\/#\/schema\/person\/4f808ea0e384751aa1273189dc83a028"},"headline":"El Covid-19 y su Impacto en la Miner\u00eda del Cobre","datePublished":"2022-08-16T21:24:03+00:00","dateModified":"2022-08-16T21:24:07+00:00","mainEntityOfPage":{"@id":"https:\/\/www.promine.com\/es\/blog-es\/el-covid-19-y-su-impacto-en-la-mineria-del-cobre\/"},"wordCount":526,"publisher":{"@id":"https:\/\/promine.com\/#organization"},"image":{"@id":"https:\/\/www.promine.com\/es\/blog-es\/el-covid-19-y-su-impacto-en-la-mineria-del-cobre\/#primaryimage"},"thumbnailUrl":"https:\/\/www.promine.com\/wp-content\/uploads\/2022\/08\/Jan-Blog-PromineProgeox-FB-11.jpg","articleSection":["Blog"],"inLanguage":"es"},{"@type":"WebPage","@id":"https:\/\/www.promine.com\/es\/blog-es\/el-covid-19-y-su-impacto-en-la-mineria-del-cobre\/","url":"https:\/\/www.promine.com\/es\/blog-es\/el-covid-19-y-su-impacto-en-la-mineria-del-cobre\/","name":"El Covid-19 y su Impacto en la Miner\u00eda del Cobre - Promine","isPartOf":{"@id":"https:\/\/promine.com\/#website"},"primaryImageOfPage":{"@id":"https:\/\/www.promine.com\/es\/blog-es\/el-covid-19-y-su-impacto-en-la-mineria-del-cobre\/#primaryimage"},"image":{"@id":"https:\/\/www.promine.com\/es\/blog-es\/el-covid-19-y-su-impacto-en-la-mineria-del-cobre\/#primaryimage"},"thumbnailUrl":"https:\/\/www.promine.com\/wp-content\/uploads\/2022\/08\/Jan-Blog-PromineProgeox-FB-11.jpg","datePublished":"2022-08-16T21:24:03+00:00","dateModified":"2022-08-16T21:24:07+00:00","breadcrumb":{"@id":"https:\/\/www.promine.com\/es\/blog-es\/el-covid-19-y-su-impacto-en-la-mineria-del-cobre\/#breadcrumb"},"inLanguage":"es","potentialAction":[{"@type":"ReadAction","target":["https:\/\/www.promine.com\/es\/blog-es\/el-covid-19-y-su-impacto-en-la-mineria-del-cobre\/"]}]},{"@type":"ImageObject","inLanguage":"es","@id":"https:\/\/www.promine.com\/es\/blog-es\/el-covid-19-y-su-impacto-en-la-mineria-del-cobre\/#primaryimage","url":"https:\/\/www.promine.com\/wp-content\/uploads\/2022\/08\/Jan-Blog-PromineProgeox-FB-11.jpg","contentUrl":"https:\/\/www.promine.com\/wp-content\/uploads\/2022\/08\/Jan-Blog-PromineProgeox-FB-11.jpg","width":1200,"height":630,"caption":"Image Post - Banner Promine"},{"@type":"BreadcrumbList","@id":"https:\/\/www.promine.com\/es\/blog-es\/el-covid-19-y-su-impacto-en-la-mineria-del-cobre\/#breadcrumb","itemListElement":[{"@type":"ListItem","position":1,"name":"Home","item":"https:\/\/www.promine.com\/es\/"},{"@type":"ListItem","position":2,"name":"El Covid-19 y su Impacto en la Miner\u00eda del Cobre"}]},{"@type":"WebSite","@id":"https:\/\/promine.com\/#website","url":"https:\/\/promine.com\/","name":"Promine","description":"Solutions for Everyday Mining","publisher":{"@id":"https:\/\/promine.com\/#organization"},"potentialAction":[{"@type":"SearchAction","target":{"@type":"EntryPoint","urlTemplate":"https:\/\/promine.com\/?s={search_term_string}"},"query-input":{"@type":"PropertyValueSpecification","valueRequired":true,"valueName":"search_term_string"}}],"inLanguage":"es"},{"@type":"Organization","@id":"https:\/\/promine.com\/#organization","name":"Promine","url":"https:\/\/promine.com\/","logo":{"@type":"ImageObject","inLanguage":"es","@id":"https:\/\/promine.com\/#\/schema\/logo\/image\/","url":"https:\/\/www.promine.com\/wp-content\/uploads\/2022\/06\/Promine_Solo_Original_PNG.png","contentUrl":"https:\/\/www.promine.com\/wp-content\/uploads\/2022\/06\/Promine_Solo_Original_PNG.png","width":3576,"height":407,"caption":"Promine"},"image":{"@id":"https:\/\/promine.com\/#\/schema\/logo\/image\/"},"sameAs":["https:\/\/www.facebook.com\/promineinc\/"]},{"@type":"Person","@id":"https:\/\/promine.com\/#\/schema\/person\/4f808ea0e384751aa1273189dc83a028","name":"Daniela Jaimes","image":{"@type":"ImageObject","inLanguage":"es","@id":"https:\/\/promine.com\/#\/schema\/person\/image\/","url":"https:\/\/promine.com\/wp-content\/uploads\/2023\/06\/Diseno-sin-titulo-6-e1689355958723-96x96.png","contentUrl":"https:\/\/promine.com\/wp-content\/uploads\/2023\/06\/Diseno-sin-titulo-6-e1689355958723-96x96.png","caption":"Daniela Jaimes"},"description":"Daniela Jaimes has an undergraduate degree in Marketing and another one in Global Business Management from Universidad Argentina de la Empresa. With experience carrying out digital marketing strategies for companies in various industries. Currently, Daniela is the Marketing Manager at Promine.","url":"https:\/\/www.promine.com\/es\/author\/danielajaimes\/"}]}},"_links":{"self":[{"href":"https:\/\/www.promine.com\/es\/wp-json\/wp\/v2\/posts\/8360","targetHints":{"allow":["GET"]}}],"collection":[{"href":"https:\/\/www.promine.com\/es\/wp-json\/wp\/v2\/posts"}],"about":[{"href":"https:\/\/www.promine.com\/es\/wp-json\/wp\/v2\/types\/post"}],"author":[{"embeddable":true,"href":"https:\/\/www.promine.com\/es\/wp-json\/wp\/v2\/users\/13"}],"replies":[{"embeddable":true,"href":"https:\/\/www.promine.com\/es\/wp-json\/wp\/v2\/comments?post=8360"}],"version-history":[{"count":1,"href":"https:\/\/www.promine.com\/es\/wp-json\/wp\/v2\/posts\/8360\/revisions"}],"predecessor-version":[{"id":8361,"href":"https:\/\/www.promine.com\/es\/wp-json\/wp\/v2\/posts\/8360\/revisions\/8361"}],"wp:featuredmedia":[{"embeddable":true,"href":"https:\/\/www.promine.com\/es\/wp-json\/wp\/v2\/media\/8003"}],"wp:attachment":[{"href":"https:\/\/www.promine.com\/es\/wp-json\/wp\/v2\/media?parent=8360"}],"wp:term":[{"taxonomy":"category","embeddable":true,"href":"https:\/\/www.promine.com\/es\/wp-json\/wp\/v2\/categories?post=8360"},{"taxonomy":"post_tag","embeddable":true,"href":"https:\/\/www.promine.com\/es\/wp-json\/wp\/v2\/tags?post=8360"}],"curies":[{"name":"wp","href":"https:\/\/api.w.org\/{rel}","templated":true}]}}