{"id":11472,"date":"2022-10-27T15:08:17","date_gmt":"2022-10-27T19:08:17","guid":{"rendered":"https:\/\/promine.com\/?p=11472"},"modified":"2022-10-27T15:08:20","modified_gmt":"2022-10-27T19:08:20","slug":"digitalizar-la-informacion-topografica-episodio-21","status":"publish","type":"post","link":"https:\/\/www.promine.com\/es\/grabaciones-de-podcast-es\/digitalizar-la-informacion-topografica-episodio-21\/","title":{"rendered":"Digitalizar la informaci\u00f3n topogr\u00e1fica |\u00a0Episodio 21"},"content":{"rendered":"\n<p>\u2705Contexto Minero es un podcast din\u00e1mico en el cual nuestros panelistas y sus invitados intercambian opiniones acerca de la realidad minera latinoamericana. En este episodio, discutimos sobre c\u00f3mo la interpretaci\u00f3n de datos es fundamental en cualquier proyecto minero o geol\u00f3gico. <\/p>\n\n\n\n<p>Nuestra invitada: <\/p>\n\n\n\n<p>\u27a1\ufe0f Paola Hern\u00e1ndez Ram\u00edrez Ingeniera Top\u00f3grafa y Fotogram\u00e9trista del Instituto Polit\u00e9cnico Nacional (M\u00e9xico). Especialista en levantamiento topogr\u00e1fico con m\u00e1s de 10 a\u00f1os de experiencia en la industria minera.<\/p>\n\n\n\n<figure class=\"wp-block-embed is-type-video is-provider-youtube wp-block-embed-youtube wp-embed-aspect-16-9 wp-has-aspect-ratio\"><div class=\"wp-block-embed__wrapper\">\n<iframe title=\"\ud83c\udf99 Episodio XXI | Digitalizar la informaci\u00f3n topogr\u00e1fica | Contexto Minero\" width=\"800\" height=\"450\" src=\"https:\/\/www.youtube.com\/embed\/3OrGccCW13M?feature=oembed\" frameborder=\"0\" allow=\"accelerometer; autoplay; clipboard-write; encrypted-media; gyroscope; picture-in-picture\" allowfullscreen><\/iframe>\n<\/div><\/figure>\n","protected":false},"excerpt":{"rendered":"<p>\u2705Contexto Minero es un podcast din\u00e1mico en el cual nuestros panelistas y sus invitados intercambian opiniones acerca de la realidad minera latinoamericana. En este episodio, discutimos sobre c\u00f3mo la interpretaci\u00f3n de datos es fundamental en cualquier proyecto minero o geol\u00f3gico. Nuestra invitada: \u27a1\ufe0f Paola Hern\u00e1ndez Ram\u00edrez Ingeniera Top\u00f3grafa y Fotogram\u00e9trista del Instituto Polit\u00e9cnico Nacional (M\u00e9xico). [&hellip;]<\/p>\n","protected":false},"author":13,"featured_media":0,"comment_status":"closed","ping_status":"open","sticky":false,"template":"","format":"standard","meta":{"_acf_changed":false,"footnotes":""},"categories":[103],"tags":[],"class_list":["post-11472","post","type-post","status-publish","format-standard","hentry","category-grabaciones-de-podcast-es"],"acf":[],"yoast_head":"<!-- This site is optimized with the Yoast SEO plugin v24.0 - https:\/\/yoast.com\/wordpress\/plugins\/seo\/ -->\n<title>Digitalizar la informaci\u00f3n topogr\u00e1fica |\u00a0Episodio 21 - Promine<\/title>\n<meta name=\"robots\" content=\"index, follow, max-snippet:-1, max-image-preview:large, max-video-preview:-1\" \/>\n<link rel=\"canonical\" href=\"https:\/\/www.promine.com\/es\/grabaciones-de-podcast-es\/digitalizar-la-informacion-topografica-episodio-21\/\" \/>\n<meta property=\"og:locale\" content=\"es_ES\" \/>\n<meta property=\"og:type\" content=\"article\" \/>\n<meta property=\"og:title\" content=\"Digitalizar la informaci\u00f3n topogr\u00e1fica |\u00a0Episodio 21 - Promine\" \/>\n<meta property=\"og:description\" content=\"\u2705Contexto Minero es un podcast din\u00e1mico en el cual nuestros panelistas y sus invitados intercambian opiniones acerca de la realidad minera latinoamericana. En este episodio, discutimos sobre c\u00f3mo la interpretaci\u00f3n de datos es fundamental en cualquier proyecto minero o geol\u00f3gico. Nuestra invitada: \u27a1\ufe0f Paola Hern\u00e1ndez Ram\u00edrez Ingeniera Top\u00f3grafa y Fotogram\u00e9trista del Instituto Polit\u00e9cnico Nacional (M\u00e9xico). [&hellip;]\" \/>\n<meta property=\"og:url\" content=\"https:\/\/www.promine.com\/es\/grabaciones-de-podcast-es\/digitalizar-la-informacion-topografica-episodio-21\/\" \/>\n<meta property=\"og:site_name\" content=\"Promine\" \/>\n<meta property=\"article:publisher\" content=\"https:\/\/www.facebook.com\/promineinc\/\" \/>\n<meta property=\"article:published_time\" content=\"2022-10-27T19:08:17+00:00\" \/>\n<meta property=\"article:modified_time\" content=\"2022-10-27T19:08:20+00:00\" \/>\n<meta name=\"author\" content=\"Daniela Jaimes\" \/>\n<meta name=\"twitter:card\" content=\"summary_large_image\" \/>\n<meta name=\"twitter:label1\" content=\"Escrito por\" \/>\n\t<meta name=\"twitter:data1\" content=\"Daniela Jaimes\" \/>\n\t<meta name=\"twitter:label2\" content=\"Tiempo de lectura\" \/>\n\t<meta name=\"twitter:data2\" content=\"1 minuto\" \/>\n<script type=\"application\/ld+json\" class=\"yoast-schema-graph\">{\"@context\":\"https:\/\/schema.org\",\"@graph\":[{\"@type\":\"Article\",\"@id\":\"https:\/\/www.promine.com\/es\/grabaciones-de-podcast-es\/digitalizar-la-informacion-topografica-episodio-21\/#article\",\"isPartOf\":{\"@id\":\"https:\/\/www.promine.com\/es\/grabaciones-de-podcast-es\/digitalizar-la-informacion-topografica-episodio-21\/\"},\"author\":{\"name\":\"Daniela Jaimes\",\"@id\":\"https:\/\/promine.com\/#\/schema\/person\/4f808ea0e384751aa1273189dc83a028\"},\"headline\":\"Digitalizar la informaci\u00f3n topogr\u00e1fica |\u00a0Episodio 21\",\"datePublished\":\"2022-10-27T19:08:17+00:00\",\"dateModified\":\"2022-10-27T19:08:20+00:00\",\"mainEntityOfPage\":{\"@id\":\"https:\/\/www.promine.com\/es\/grabaciones-de-podcast-es\/digitalizar-la-informacion-topografica-episodio-21\/\"},\"wordCount\":96,\"publisher\":{\"@id\":\"https:\/\/promine.com\/#organization\"},\"articleSection\":[\"Grabaciones de Podcast\"],\"inLanguage\":\"es\"},{\"@type\":\"WebPage\",\"@id\":\"https:\/\/www.promine.com\/es\/grabaciones-de-podcast-es\/digitalizar-la-informacion-topografica-episodio-21\/\",\"url\":\"https:\/\/www.promine.com\/es\/grabaciones-de-podcast-es\/digitalizar-la-informacion-topografica-episodio-21\/\",\"name\":\"Digitalizar la informaci\u00f3n topogr\u00e1fica |\u00a0Episodio 21 - Promine\",\"isPartOf\":{\"@id\":\"https:\/\/promine.com\/#website\"},\"datePublished\":\"2022-10-27T19:08:17+00:00\",\"dateModified\":\"2022-10-27T19:08:20+00:00\",\"breadcrumb\":{\"@id\":\"https:\/\/www.promine.com\/es\/grabaciones-de-podcast-es\/digitalizar-la-informacion-topografica-episodio-21\/#breadcrumb\"},\"inLanguage\":\"es\",\"potentialAction\":[{\"@type\":\"ReadAction\",\"target\":[\"https:\/\/www.promine.com\/es\/grabaciones-de-podcast-es\/digitalizar-la-informacion-topografica-episodio-21\/\"]}]},{\"@type\":\"BreadcrumbList\",\"@id\":\"https:\/\/www.promine.com\/es\/grabaciones-de-podcast-es\/digitalizar-la-informacion-topografica-episodio-21\/#breadcrumb\",\"itemListElement\":[{\"@type\":\"ListItem\",\"position\":1,\"name\":\"Home\",\"item\":\"https:\/\/www.promine.com\/es\/\"},{\"@type\":\"ListItem\",\"position\":2,\"name\":\"Digitalizar la informaci\u00f3n topogr\u00e1fica |\u00a0Episodio 21\"}]},{\"@type\":\"WebSite\",\"@id\":\"https:\/\/promine.com\/#website\",\"url\":\"https:\/\/promine.com\/\",\"name\":\"Promine\",\"description\":\"Solutions for Everyday Mining\",\"publisher\":{\"@id\":\"https:\/\/promine.com\/#organization\"},\"potentialAction\":[{\"@type\":\"SearchAction\",\"target\":{\"@type\":\"EntryPoint\",\"urlTemplate\":\"https:\/\/promine.com\/?s={search_term_string}\"},\"query-input\":{\"@type\":\"PropertyValueSpecification\",\"valueRequired\":true,\"valueName\":\"search_term_string\"}}],\"inLanguage\":\"es\"},{\"@type\":\"Organization\",\"@id\":\"https:\/\/promine.com\/#organization\",\"name\":\"Promine\",\"url\":\"https:\/\/promine.com\/\",\"logo\":{\"@type\":\"ImageObject\",\"inLanguage\":\"es\",\"@id\":\"https:\/\/promine.com\/#\/schema\/logo\/image\/\",\"url\":\"https:\/\/www.promine.com\/wp-content\/uploads\/2022\/06\/Promine_Solo_Original_PNG.png\",\"contentUrl\":\"https:\/\/www.promine.com\/wp-content\/uploads\/2022\/06\/Promine_Solo_Original_PNG.png\",\"width\":3576,\"height\":407,\"caption\":\"Promine\"},\"image\":{\"@id\":\"https:\/\/promine.com\/#\/schema\/logo\/image\/\"},\"sameAs\":[\"https:\/\/www.facebook.com\/promineinc\/\"]},{\"@type\":\"Person\",\"@id\":\"https:\/\/promine.com\/#\/schema\/person\/4f808ea0e384751aa1273189dc83a028\",\"name\":\"Daniela Jaimes\",\"image\":{\"@type\":\"ImageObject\",\"inLanguage\":\"es\",\"@id\":\"https:\/\/promine.com\/#\/schema\/person\/image\/\",\"url\":\"https:\/\/promine.com\/wp-content\/uploads\/2023\/06\/Diseno-sin-titulo-6-e1689355958723-96x96.png\",\"contentUrl\":\"https:\/\/promine.com\/wp-content\/uploads\/2023\/06\/Diseno-sin-titulo-6-e1689355958723-96x96.png\",\"caption\":\"Daniela Jaimes\"},\"description\":\"Daniela Jaimes has an undergraduate degree in Marketing and another one in Global Business Management from Universidad Argentina de la Empresa. With experience carrying out digital marketing strategies for companies in various industries. Currently, Daniela is the Marketing Manager at Promine.\",\"url\":\"https:\/\/www.promine.com\/es\/author\/danielajaimes\/\"}]}<\/script>\n<!-- \/ Yoast SEO plugin. -->","yoast_head_json":{"title":"Digitalizar la informaci\u00f3n topogr\u00e1fica |\u00a0Episodio 21 - Promine","robots":{"index":"index","follow":"follow","max-snippet":"max-snippet:-1","max-image-preview":"max-image-preview:large","max-video-preview":"max-video-preview:-1"},"canonical":"https:\/\/www.promine.com\/es\/grabaciones-de-podcast-es\/digitalizar-la-informacion-topografica-episodio-21\/","og_locale":"es_ES","og_type":"article","og_title":"Digitalizar la informaci\u00f3n topogr\u00e1fica |\u00a0Episodio 21 - Promine","og_description":"\u2705Contexto Minero es un podcast din\u00e1mico en el cual nuestros panelistas y sus invitados intercambian opiniones acerca de la realidad minera latinoamericana. En este episodio, discutimos sobre c\u00f3mo la interpretaci\u00f3n de datos es fundamental en cualquier proyecto minero o geol\u00f3gico. Nuestra invitada: \u27a1\ufe0f Paola Hern\u00e1ndez Ram\u00edrez Ingeniera Top\u00f3grafa y Fotogram\u00e9trista del Instituto Polit\u00e9cnico Nacional (M\u00e9xico). [&hellip;]","og_url":"https:\/\/www.promine.com\/es\/grabaciones-de-podcast-es\/digitalizar-la-informacion-topografica-episodio-21\/","og_site_name":"Promine","article_publisher":"https:\/\/www.facebook.com\/promineinc\/","article_published_time":"2022-10-27T19:08:17+00:00","article_modified_time":"2022-10-27T19:08:20+00:00","author":"Daniela Jaimes","twitter_card":"summary_large_image","twitter_misc":{"Escrito por":"Daniela Jaimes","Tiempo de lectura":"1 minuto"},"schema":{"@context":"https:\/\/schema.org","@graph":[{"@type":"Article","@id":"https:\/\/www.promine.com\/es\/grabaciones-de-podcast-es\/digitalizar-la-informacion-topografica-episodio-21\/#article","isPartOf":{"@id":"https:\/\/www.promine.com\/es\/grabaciones-de-podcast-es\/digitalizar-la-informacion-topografica-episodio-21\/"},"author":{"name":"Daniela Jaimes","@id":"https:\/\/promine.com\/#\/schema\/person\/4f808ea0e384751aa1273189dc83a028"},"headline":"Digitalizar la informaci\u00f3n topogr\u00e1fica |\u00a0Episodio 21","datePublished":"2022-10-27T19:08:17+00:00","dateModified":"2022-10-27T19:08:20+00:00","mainEntityOfPage":{"@id":"https:\/\/www.promine.com\/es\/grabaciones-de-podcast-es\/digitalizar-la-informacion-topografica-episodio-21\/"},"wordCount":96,"publisher":{"@id":"https:\/\/promine.com\/#organization"},"articleSection":["Grabaciones de Podcast"],"inLanguage":"es"},{"@type":"WebPage","@id":"https:\/\/www.promine.com\/es\/grabaciones-de-podcast-es\/digitalizar-la-informacion-topografica-episodio-21\/","url":"https:\/\/www.promine.com\/es\/grabaciones-de-podcast-es\/digitalizar-la-informacion-topografica-episodio-21\/","name":"Digitalizar la informaci\u00f3n topogr\u00e1fica |\u00a0Episodio 21 - Promine","isPartOf":{"@id":"https:\/\/promine.com\/#website"},"datePublished":"2022-10-27T19:08:17+00:00","dateModified":"2022-10-27T19:08:20+00:00","breadcrumb":{"@id":"https:\/\/www.promine.com\/es\/grabaciones-de-podcast-es\/digitalizar-la-informacion-topografica-episodio-21\/#breadcrumb"},"inLanguage":"es","potentialAction":[{"@type":"ReadAction","target":["https:\/\/www.promine.com\/es\/grabaciones-de-podcast-es\/digitalizar-la-informacion-topografica-episodio-21\/"]}]},{"@type":"BreadcrumbList","@id":"https:\/\/www.promine.com\/es\/grabaciones-de-podcast-es\/digitalizar-la-informacion-topografica-episodio-21\/#breadcrumb","itemListElement":[{"@type":"ListItem","position":1,"name":"Home","item":"https:\/\/www.promine.com\/es\/"},{"@type":"ListItem","position":2,"name":"Digitalizar la informaci\u00f3n topogr\u00e1fica |\u00a0Episodio 21"}]},{"@type":"WebSite","@id":"https:\/\/promine.com\/#website","url":"https:\/\/promine.com\/","name":"Promine","description":"Solutions for Everyday Mining","publisher":{"@id":"https:\/\/promine.com\/#organization"},"potentialAction":[{"@type":"SearchAction","target":{"@type":"EntryPoint","urlTemplate":"https:\/\/promine.com\/?s={search_term_string}"},"query-input":{"@type":"PropertyValueSpecification","valueRequired":true,"valueName":"search_term_string"}}],"inLanguage":"es"},{"@type":"Organization","@id":"https:\/\/promine.com\/#organization","name":"Promine","url":"https:\/\/promine.com\/","logo":{"@type":"ImageObject","inLanguage":"es","@id":"https:\/\/promine.com\/#\/schema\/logo\/image\/","url":"https:\/\/www.promine.com\/wp-content\/uploads\/2022\/06\/Promine_Solo_Original_PNG.png","contentUrl":"https:\/\/www.promine.com\/wp-content\/uploads\/2022\/06\/Promine_Solo_Original_PNG.png","width":3576,"height":407,"caption":"Promine"},"image":{"@id":"https:\/\/promine.com\/#\/schema\/logo\/image\/"},"sameAs":["https:\/\/www.facebook.com\/promineinc\/"]},{"@type":"Person","@id":"https:\/\/promine.com\/#\/schema\/person\/4f808ea0e384751aa1273189dc83a028","name":"Daniela Jaimes","image":{"@type":"ImageObject","inLanguage":"es","@id":"https:\/\/promine.com\/#\/schema\/person\/image\/","url":"https:\/\/promine.com\/wp-content\/uploads\/2023\/06\/Diseno-sin-titulo-6-e1689355958723-96x96.png","contentUrl":"https:\/\/promine.com\/wp-content\/uploads\/2023\/06\/Diseno-sin-titulo-6-e1689355958723-96x96.png","caption":"Daniela Jaimes"},"description":"Daniela Jaimes has an undergraduate degree in Marketing and another one in Global Business Management from Universidad Argentina de la Empresa. With experience carrying out digital marketing strategies for companies in various industries. Currently, Daniela is the Marketing Manager at Promine.","url":"https:\/\/www.promine.com\/es\/author\/danielajaimes\/"}]}},"_links":{"self":[{"href":"https:\/\/www.promine.com\/es\/wp-json\/wp\/v2\/posts\/11472","targetHints":{"allow":["GET"]}}],"collection":[{"href":"https:\/\/www.promine.com\/es\/wp-json\/wp\/v2\/posts"}],"about":[{"href":"https:\/\/www.promine.com\/es\/wp-json\/wp\/v2\/types\/post"}],"author":[{"embeddable":true,"href":"https:\/\/www.promine.com\/es\/wp-json\/wp\/v2\/users\/13"}],"replies":[{"embeddable":true,"href":"https:\/\/www.promine.com\/es\/wp-json\/wp\/v2\/comments?post=11472"}],"version-history":[{"count":1,"href":"https:\/\/www.promine.com\/es\/wp-json\/wp\/v2\/posts\/11472\/revisions"}],"predecessor-version":[{"id":11476,"href":"https:\/\/www.promine.com\/es\/wp-json\/wp\/v2\/posts\/11472\/revisions\/11476"}],"wp:attachment":[{"href":"https:\/\/www.promine.com\/es\/wp-json\/wp\/v2\/media?parent=11472"}],"wp:term":[{"taxonomy":"category","embeddable":true,"href":"https:\/\/www.promine.com\/es\/wp-json\/wp\/v2\/categories?post=11472"},{"taxonomy":"post_tag","embeddable":true,"href":"https:\/\/www.promine.com\/es\/wp-json\/wp\/v2\/tags?post=11472"}],"curies":[{"name":"wp","href":"https:\/\/api.w.org\/{rel}","templated":true}]}}