{"id":10290,"date":"2022-09-30T16:24:23","date_gmt":"2022-09-30T20:24:23","guid":{"rendered":"https:\/\/promine.com\/?p=10290"},"modified":"2022-09-30T16:24:26","modified_gmt":"2022-09-30T20:24:26","slug":"recuento-de-la-industria-minera-en-2021-episodio-14","status":"publish","type":"post","link":"https:\/\/www.promine.com\/es\/grabaciones-de-podcast-es\/recuento-de-la-industria-minera-en-2021-episodio-14\/","title":{"rendered":"Recuento de la Industria Minera en 2021 | Episodio 14"},"content":{"rendered":"\n<p>\u2705<strong>\u202fContexto Minero es un podcast din\u00e1mico en el cual nuestros panelistas y sus<\/strong><strong>\u202f<\/strong><strong>invitados intercambian opiniones acerca de la realidad minera latinoamericana.<\/strong><strong>\u202f<\/strong><strong>\u202f<\/strong>&nbsp;<\/p>\n\n\n\n<p>En este\u202fepisodio\u202fdialogaremos\u202fsobre el Recuento de la Industria Minera en 2021.&nbsp;<\/p>\n\n\n\n<p>\ud83d\udccdEste evento se llevar\u00e1 acabo en Zoom y se transmitir\u00e1 en vivo en Facebook. Para ver el webinar, usted puede registrarse en Zoom o seguirnos en nuestra pagina de Facebook\u202f<a href=\"https:\/\/www.instagram.com\/PROMINEINC\/\" target=\"_blank\" rel=\"noreferrer noopener\">@PROMINEINC<\/a>.&nbsp;<\/p>\n\n\n\n<p><strong>Invitados:<\/strong>&nbsp;<\/p>\n\n\n\n<p>\u27a1\ufe0f Ing. Miguel Angel Conde Lapas Ingeniero de Minas de la Universidad Nacional del Centro de Per\u00fa, experto en Gesti\u00f3n de Operaciones Mineras y Planificaci\u00f3n estrat\u00e9gica de minado Subterr\u00e1neo (Diestro en Minado de Taladros largos vetas angostas y dem\u00e1s variantes).&nbsp;<\/p>\n\n\n\n<p>\u27a1\ufe0f Ing. Diego Toro Ramirez Ingeniero administrativo, administradores de negocios internacionales, con especializaci\u00f3n en log\u00edstica minera, evaluaci\u00f3n y gesti\u00f3n de proyectos. Gesti\u00f3n log\u00edstica para distribuci\u00f3n f\u00edsica internacional, Gerente propietario de geolog\u00eda y minerales del pacifico, montaje, administraci\u00f3n y producci\u00f3n de minas de oro en choc\u00f3.&nbsp;<\/p>\n\n\n\n<figure class=\"wp-block-embed is-type-video is-provider-youtube wp-block-embed-youtube wp-embed-aspect-16-9 wp-has-aspect-ratio\"><div class=\"wp-block-embed__wrapper\">\n<iframe title=\"\ud83c\udf99 Episodio XIV | Recuento de la Industria Minera en 2021\" width=\"800\" height=\"450\" src=\"https:\/\/www.youtube.com\/embed\/8fU1W6_fwKI?feature=oembed\" frameborder=\"0\" allow=\"accelerometer; autoplay; clipboard-write; encrypted-media; gyroscope; picture-in-picture\" allowfullscreen><\/iframe>\n<\/div><\/figure>\n","protected":false},"excerpt":{"rendered":"<p>\u2705\u202fContexto Minero es un podcast din\u00e1mico en el cual nuestros panelistas y sus\u202finvitados intercambian opiniones acerca de la realidad minera latinoamericana.\u202f\u202f&nbsp; En este\u202fepisodio\u202fdialogaremos\u202fsobre el Recuento de la Industria Minera en 2021.&nbsp; \ud83d\udccdEste evento se llevar\u00e1 acabo en Zoom y se transmitir\u00e1 en vivo en Facebook. Para ver el webinar, usted puede registrarse en Zoom o [&hellip;]<\/p>\n","protected":false},"author":13,"featured_media":0,"comment_status":"closed","ping_status":"open","sticky":false,"template":"","format":"standard","meta":{"_acf_changed":false,"footnotes":""},"categories":[103],"tags":[],"class_list":["post-10290","post","type-post","status-publish","format-standard","hentry","category-grabaciones-de-podcast-es"],"acf":[],"yoast_head":"<!-- This site is optimized with the Yoast SEO plugin v24.0 - https:\/\/yoast.com\/wordpress\/plugins\/seo\/ -->\n<title>Recuento de la Industria Minera en 2021 | Episodio 14 - Promine<\/title>\n<meta name=\"robots\" content=\"index, follow, max-snippet:-1, max-image-preview:large, max-video-preview:-1\" \/>\n<link rel=\"canonical\" href=\"https:\/\/www.promine.com\/es\/grabaciones-de-podcast-es\/recuento-de-la-industria-minera-en-2021-episodio-14\/\" \/>\n<meta property=\"og:locale\" content=\"es_ES\" \/>\n<meta property=\"og:type\" content=\"article\" \/>\n<meta property=\"og:title\" content=\"Recuento de la Industria Minera en 2021 | Episodio 14 - Promine\" \/>\n<meta property=\"og:description\" content=\"\u2705\u202fContexto Minero es un podcast din\u00e1mico en el cual nuestros panelistas y sus\u202finvitados intercambian opiniones acerca de la realidad minera latinoamericana.\u202f\u202f&nbsp; En este\u202fepisodio\u202fdialogaremos\u202fsobre el Recuento de la Industria Minera en 2021.&nbsp; \ud83d\udccdEste evento se llevar\u00e1 acabo en Zoom y se transmitir\u00e1 en vivo en Facebook. Para ver el webinar, usted puede registrarse en Zoom o [&hellip;]\" \/>\n<meta property=\"og:url\" content=\"https:\/\/www.promine.com\/es\/grabaciones-de-podcast-es\/recuento-de-la-industria-minera-en-2021-episodio-14\/\" \/>\n<meta property=\"og:site_name\" content=\"Promine\" \/>\n<meta property=\"article:publisher\" content=\"https:\/\/www.facebook.com\/promineinc\/\" \/>\n<meta property=\"article:published_time\" content=\"2022-09-30T20:24:23+00:00\" \/>\n<meta property=\"article:modified_time\" content=\"2022-09-30T20:24:26+00:00\" \/>\n<meta name=\"author\" content=\"Daniela Jaimes\" \/>\n<meta name=\"twitter:card\" content=\"summary_large_image\" \/>\n<meta name=\"twitter:label1\" content=\"Escrito por\" \/>\n\t<meta name=\"twitter:data1\" content=\"Daniela Jaimes\" \/>\n\t<meta name=\"twitter:label2\" content=\"Tiempo de lectura\" \/>\n\t<meta name=\"twitter:data2\" content=\"1 minuto\" \/>\n<script type=\"application\/ld+json\" class=\"yoast-schema-graph\">{\"@context\":\"https:\/\/schema.org\",\"@graph\":[{\"@type\":\"Article\",\"@id\":\"https:\/\/www.promine.com\/es\/grabaciones-de-podcast-es\/recuento-de-la-industria-minera-en-2021-episodio-14\/#article\",\"isPartOf\":{\"@id\":\"https:\/\/www.promine.com\/es\/grabaciones-de-podcast-es\/recuento-de-la-industria-minera-en-2021-episodio-14\/\"},\"author\":{\"name\":\"Daniela Jaimes\",\"@id\":\"https:\/\/promine.com\/#\/schema\/person\/4f808ea0e384751aa1273189dc83a028\"},\"headline\":\"Recuento de la Industria Minera en 2021 | Episodio 14\",\"datePublished\":\"2022-09-30T20:24:23+00:00\",\"dateModified\":\"2022-09-30T20:24:26+00:00\",\"mainEntityOfPage\":{\"@id\":\"https:\/\/www.promine.com\/es\/grabaciones-de-podcast-es\/recuento-de-la-industria-minera-en-2021-episodio-14\/\"},\"wordCount\":188,\"publisher\":{\"@id\":\"https:\/\/promine.com\/#organization\"},\"articleSection\":[\"Grabaciones de Podcast\"],\"inLanguage\":\"es\"},{\"@type\":\"WebPage\",\"@id\":\"https:\/\/www.promine.com\/es\/grabaciones-de-podcast-es\/recuento-de-la-industria-minera-en-2021-episodio-14\/\",\"url\":\"https:\/\/www.promine.com\/es\/grabaciones-de-podcast-es\/recuento-de-la-industria-minera-en-2021-episodio-14\/\",\"name\":\"Recuento de la Industria Minera en 2021 | Episodio 14 - Promine\",\"isPartOf\":{\"@id\":\"https:\/\/promine.com\/#website\"},\"datePublished\":\"2022-09-30T20:24:23+00:00\",\"dateModified\":\"2022-09-30T20:24:26+00:00\",\"breadcrumb\":{\"@id\":\"https:\/\/www.promine.com\/es\/grabaciones-de-podcast-es\/recuento-de-la-industria-minera-en-2021-episodio-14\/#breadcrumb\"},\"inLanguage\":\"es\",\"potentialAction\":[{\"@type\":\"ReadAction\",\"target\":[\"https:\/\/www.promine.com\/es\/grabaciones-de-podcast-es\/recuento-de-la-industria-minera-en-2021-episodio-14\/\"]}]},{\"@type\":\"BreadcrumbList\",\"@id\":\"https:\/\/www.promine.com\/es\/grabaciones-de-podcast-es\/recuento-de-la-industria-minera-en-2021-episodio-14\/#breadcrumb\",\"itemListElement\":[{\"@type\":\"ListItem\",\"position\":1,\"name\":\"Home\",\"item\":\"https:\/\/www.promine.com\/es\/\"},{\"@type\":\"ListItem\",\"position\":2,\"name\":\"Recuento de la Industria Minera en 2021 | Episodio 14\"}]},{\"@type\":\"WebSite\",\"@id\":\"https:\/\/promine.com\/#website\",\"url\":\"https:\/\/promine.com\/\",\"name\":\"Promine\",\"description\":\"Solutions for Everyday Mining\",\"publisher\":{\"@id\":\"https:\/\/promine.com\/#organization\"},\"potentialAction\":[{\"@type\":\"SearchAction\",\"target\":{\"@type\":\"EntryPoint\",\"urlTemplate\":\"https:\/\/promine.com\/?s={search_term_string}\"},\"query-input\":{\"@type\":\"PropertyValueSpecification\",\"valueRequired\":true,\"valueName\":\"search_term_string\"}}],\"inLanguage\":\"es\"},{\"@type\":\"Organization\",\"@id\":\"https:\/\/promine.com\/#organization\",\"name\":\"Promine\",\"url\":\"https:\/\/promine.com\/\",\"logo\":{\"@type\":\"ImageObject\",\"inLanguage\":\"es\",\"@id\":\"https:\/\/promine.com\/#\/schema\/logo\/image\/\",\"url\":\"https:\/\/www.promine.com\/wp-content\/uploads\/2022\/06\/Promine_Solo_Original_PNG.png\",\"contentUrl\":\"https:\/\/www.promine.com\/wp-content\/uploads\/2022\/06\/Promine_Solo_Original_PNG.png\",\"width\":3576,\"height\":407,\"caption\":\"Promine\"},\"image\":{\"@id\":\"https:\/\/promine.com\/#\/schema\/logo\/image\/\"},\"sameAs\":[\"https:\/\/www.facebook.com\/promineinc\/\"]},{\"@type\":\"Person\",\"@id\":\"https:\/\/promine.com\/#\/schema\/person\/4f808ea0e384751aa1273189dc83a028\",\"name\":\"Daniela Jaimes\",\"image\":{\"@type\":\"ImageObject\",\"inLanguage\":\"es\",\"@id\":\"https:\/\/promine.com\/#\/schema\/person\/image\/\",\"url\":\"https:\/\/promine.com\/wp-content\/uploads\/2023\/06\/Diseno-sin-titulo-6-e1689355958723-96x96.png\",\"contentUrl\":\"https:\/\/promine.com\/wp-content\/uploads\/2023\/06\/Diseno-sin-titulo-6-e1689355958723-96x96.png\",\"caption\":\"Daniela Jaimes\"},\"description\":\"Daniela Jaimes has an undergraduate degree in Marketing and another one in Global Business Management from Universidad Argentina de la Empresa. With experience carrying out digital marketing strategies for companies in various industries. Currently, Daniela is the Marketing Manager at Promine.\",\"url\":\"https:\/\/www.promine.com\/es\/author\/danielajaimes\/\"}]}<\/script>\n<!-- \/ Yoast SEO plugin. -->","yoast_head_json":{"title":"Recuento de la Industria Minera en 2021 | Episodio 14 - Promine","robots":{"index":"index","follow":"follow","max-snippet":"max-snippet:-1","max-image-preview":"max-image-preview:large","max-video-preview":"max-video-preview:-1"},"canonical":"https:\/\/www.promine.com\/es\/grabaciones-de-podcast-es\/recuento-de-la-industria-minera-en-2021-episodio-14\/","og_locale":"es_ES","og_type":"article","og_title":"Recuento de la Industria Minera en 2021 | Episodio 14 - Promine","og_description":"\u2705\u202fContexto Minero es un podcast din\u00e1mico en el cual nuestros panelistas y sus\u202finvitados intercambian opiniones acerca de la realidad minera latinoamericana.\u202f\u202f&nbsp; En este\u202fepisodio\u202fdialogaremos\u202fsobre el Recuento de la Industria Minera en 2021.&nbsp; \ud83d\udccdEste evento se llevar\u00e1 acabo en Zoom y se transmitir\u00e1 en vivo en Facebook. Para ver el webinar, usted puede registrarse en Zoom o [&hellip;]","og_url":"https:\/\/www.promine.com\/es\/grabaciones-de-podcast-es\/recuento-de-la-industria-minera-en-2021-episodio-14\/","og_site_name":"Promine","article_publisher":"https:\/\/www.facebook.com\/promineinc\/","article_published_time":"2022-09-30T20:24:23+00:00","article_modified_time":"2022-09-30T20:24:26+00:00","author":"Daniela Jaimes","twitter_card":"summary_large_image","twitter_misc":{"Escrito por":"Daniela Jaimes","Tiempo de lectura":"1 minuto"},"schema":{"@context":"https:\/\/schema.org","@graph":[{"@type":"Article","@id":"https:\/\/www.promine.com\/es\/grabaciones-de-podcast-es\/recuento-de-la-industria-minera-en-2021-episodio-14\/#article","isPartOf":{"@id":"https:\/\/www.promine.com\/es\/grabaciones-de-podcast-es\/recuento-de-la-industria-minera-en-2021-episodio-14\/"},"author":{"name":"Daniela Jaimes","@id":"https:\/\/promine.com\/#\/schema\/person\/4f808ea0e384751aa1273189dc83a028"},"headline":"Recuento de la Industria Minera en 2021 | Episodio 14","datePublished":"2022-09-30T20:24:23+00:00","dateModified":"2022-09-30T20:24:26+00:00","mainEntityOfPage":{"@id":"https:\/\/www.promine.com\/es\/grabaciones-de-podcast-es\/recuento-de-la-industria-minera-en-2021-episodio-14\/"},"wordCount":188,"publisher":{"@id":"https:\/\/promine.com\/#organization"},"articleSection":["Grabaciones de Podcast"],"inLanguage":"es"},{"@type":"WebPage","@id":"https:\/\/www.promine.com\/es\/grabaciones-de-podcast-es\/recuento-de-la-industria-minera-en-2021-episodio-14\/","url":"https:\/\/www.promine.com\/es\/grabaciones-de-podcast-es\/recuento-de-la-industria-minera-en-2021-episodio-14\/","name":"Recuento de la Industria Minera en 2021 | Episodio 14 - Promine","isPartOf":{"@id":"https:\/\/promine.com\/#website"},"datePublished":"2022-09-30T20:24:23+00:00","dateModified":"2022-09-30T20:24:26+00:00","breadcrumb":{"@id":"https:\/\/www.promine.com\/es\/grabaciones-de-podcast-es\/recuento-de-la-industria-minera-en-2021-episodio-14\/#breadcrumb"},"inLanguage":"es","potentialAction":[{"@type":"ReadAction","target":["https:\/\/www.promine.com\/es\/grabaciones-de-podcast-es\/recuento-de-la-industria-minera-en-2021-episodio-14\/"]}]},{"@type":"BreadcrumbList","@id":"https:\/\/www.promine.com\/es\/grabaciones-de-podcast-es\/recuento-de-la-industria-minera-en-2021-episodio-14\/#breadcrumb","itemListElement":[{"@type":"ListItem","position":1,"name":"Home","item":"https:\/\/www.promine.com\/es\/"},{"@type":"ListItem","position":2,"name":"Recuento de la Industria Minera en 2021 | Episodio 14"}]},{"@type":"WebSite","@id":"https:\/\/promine.com\/#website","url":"https:\/\/promine.com\/","name":"Promine","description":"Solutions for Everyday Mining","publisher":{"@id":"https:\/\/promine.com\/#organization"},"potentialAction":[{"@type":"SearchAction","target":{"@type":"EntryPoint","urlTemplate":"https:\/\/promine.com\/?s={search_term_string}"},"query-input":{"@type":"PropertyValueSpecification","valueRequired":true,"valueName":"search_term_string"}}],"inLanguage":"es"},{"@type":"Organization","@id":"https:\/\/promine.com\/#organization","name":"Promine","url":"https:\/\/promine.com\/","logo":{"@type":"ImageObject","inLanguage":"es","@id":"https:\/\/promine.com\/#\/schema\/logo\/image\/","url":"https:\/\/www.promine.com\/wp-content\/uploads\/2022\/06\/Promine_Solo_Original_PNG.png","contentUrl":"https:\/\/www.promine.com\/wp-content\/uploads\/2022\/06\/Promine_Solo_Original_PNG.png","width":3576,"height":407,"caption":"Promine"},"image":{"@id":"https:\/\/promine.com\/#\/schema\/logo\/image\/"},"sameAs":["https:\/\/www.facebook.com\/promineinc\/"]},{"@type":"Person","@id":"https:\/\/promine.com\/#\/schema\/person\/4f808ea0e384751aa1273189dc83a028","name":"Daniela Jaimes","image":{"@type":"ImageObject","inLanguage":"es","@id":"https:\/\/promine.com\/#\/schema\/person\/image\/","url":"https:\/\/promine.com\/wp-content\/uploads\/2023\/06\/Diseno-sin-titulo-6-e1689355958723-96x96.png","contentUrl":"https:\/\/promine.com\/wp-content\/uploads\/2023\/06\/Diseno-sin-titulo-6-e1689355958723-96x96.png","caption":"Daniela Jaimes"},"description":"Daniela Jaimes has an undergraduate degree in Marketing and another one in Global Business Management from Universidad Argentina de la Empresa. With experience carrying out digital marketing strategies for companies in various industries. Currently, Daniela is the Marketing Manager at Promine.","url":"https:\/\/www.promine.com\/es\/author\/danielajaimes\/"}]}},"_links":{"self":[{"href":"https:\/\/www.promine.com\/es\/wp-json\/wp\/v2\/posts\/10290","targetHints":{"allow":["GET"]}}],"collection":[{"href":"https:\/\/www.promine.com\/es\/wp-json\/wp\/v2\/posts"}],"about":[{"href":"https:\/\/www.promine.com\/es\/wp-json\/wp\/v2\/types\/post"}],"author":[{"embeddable":true,"href":"https:\/\/www.promine.com\/es\/wp-json\/wp\/v2\/users\/13"}],"replies":[{"embeddable":true,"href":"https:\/\/www.promine.com\/es\/wp-json\/wp\/v2\/comments?post=10290"}],"version-history":[{"count":1,"href":"https:\/\/www.promine.com\/es\/wp-json\/wp\/v2\/posts\/10290\/revisions"}],"predecessor-version":[{"id":10294,"href":"https:\/\/www.promine.com\/es\/wp-json\/wp\/v2\/posts\/10290\/revisions\/10294"}],"wp:attachment":[{"href":"https:\/\/www.promine.com\/es\/wp-json\/wp\/v2\/media?parent=10290"}],"wp:term":[{"taxonomy":"category","embeddable":true,"href":"https:\/\/www.promine.com\/es\/wp-json\/wp\/v2\/categories?post=10290"},{"taxonomy":"post_tag","embeddable":true,"href":"https:\/\/www.promine.com\/es\/wp-json\/wp\/v2\/tags?post=10290"}],"curies":[{"name":"wp","href":"https:\/\/api.w.org\/{rel}","templated":true}]}}