{"id":10253,"date":"2022-09-30T15:38:16","date_gmt":"2022-09-30T19:38:16","guid":{"rendered":"https:\/\/promine.com\/?p=10253"},"modified":"2022-09-30T15:41:36","modified_gmt":"2022-09-30T19:41:36","slug":"realidad-de-la-mineria-en-bolivia-episodio-12","status":"publish","type":"post","link":"https:\/\/www.promine.com\/es\/grabaciones-de-podcast-es\/realidad-de-la-mineria-en-bolivia-episodio-12\/","title":{"rendered":"Realidad de la Miner\u00eda en Bolivia | Episodio 12"},"content":{"rendered":"\n<p>\u2705<strong>\u202fContexto Minero es un podcast din\u00e1mico en el cual nuestros panelistas y sus<\/strong><strong>\u202f<\/strong><strong>invitados intercambian opiniones acerca de la realidad minera latinoamericana.<\/strong><strong>\u202f<\/strong><strong>\u202f<\/strong>&nbsp;<\/p>\n\n\n\n<p>En este\u202fepisodio\u202fdialogaremos\u202fsobre la miner\u00eda en Bolivia.&nbsp;<\/p>\n\n\n\n<p>\ud83d\udccdEste evento se llevar\u00e1 acabo en Zoom y se transmitir\u00e1 en vivo en Facebook. Para ver el webinar, usted puede registrarse en Zoom o seguirnos en nuestra pagina de Facebook\u202f<a href=\"https:\/\/www.instagram.com\/PROMINEINC\/\" target=\"_blank\" rel=\"noreferrer noopener\">@PROMINEINC<\/a>.&nbsp;<\/p>\n\n\n\n<p><strong>Invitados:<\/strong>&nbsp;<\/p>\n\n\n\n<p>\u27a1\ufe0f\u202f<strong>Ing.\u202fJaime Lafuente de la Cruz<\/strong><strong>\u202f<\/strong>&nbsp;<\/p>\n\n\n\n<p>Ingeniero de Minas egresado de la universidad\u202fT\u00e9cnica\u202fde Oruro,\u202fcon una\u202fmaestr\u00eda\u202fen medio ambiente minero. Cuenta con 23 a\u00f1os de servicio dentro de la Universidad\u202fT\u00e9cnica\u202fde Oruro desempa\u00f1\u00e1ndose como jefe de laboratorio de sistemas mineros,\u202fjefe del museo mineral\u00f3gico y encargado de laboratorio de mensuras y topograf\u00eda. Participante activo de proyectos de investigaci\u00f3n dentro de la universidad.\u202fActualmente es el director de la carrera de Ingenier\u00eda de minas, petr\u00f3leo y geotecnia.\u202f&nbsp;<\/p>\n\n\n\n<p>\u27a1\ufe0f\u202f<strong>Ing. Ricardo Perez\u202fCordova<\/strong><strong>\u202f<\/strong>&nbsp;<\/p>\n\n\n\n<p>Ingeniero de Minas de la Universidad t\u00e9cnica de Oruro, con una maestr\u00eda en Administraci\u00f3n de empresas. Tiene 32 a\u00f1os de experiencia en la industria, desempe\u00f1ando diferentes cargos dentro de las minas\u202fChurquini, San lorenzo, San Juan y\u202fAmayapampa. Actualmente es el gerente general de la empresa\u202fReflomin\u202fBolivia\u202fSrl.\u202f y la Fabrica\u202fAll\u202fPoliuretano\u202fSrl\u201d y labora como docente\u202fes las especialidades de m\u00e9todos de voladuras y control y monitoreo de operaciones mineras.\u202f&nbsp;<\/p>\n\n\n\n<p>\u27a1\ufe0f<strong>\u202f<\/strong><strong>Ing.\u202fJulio David Navarro Loro\u00f1o\u202f\u202f<\/strong><strong>\u202f<\/strong>&nbsp;<\/p>\n\n\n\n<p>Ingeniero\u202fMec\u00e1nico\u202fegresado de la Universidad t\u00e9cnica de Oruro.\u202fCuenta con dos\u202fMaestr\u00edas, una\u202fen Administraci\u00f3n T\u00e9cnica y Gesti\u00f3n del Mantenimiento\u202fy otra en\u202fMantenimiento y Productividad Industrial. Tiene 22 a\u00f1os de experiencia\u202fdentro de la industria metal\u00fargica y minera laborando en las \u00e1reas de mantenimiento. Ha trabajado en importantes compa\u00f1\u00edas como la f\u00e1brica\u202fde Cemento\u202fEmisa,\u202fSoboce\u202fS.A Y Sociedad Boliviana De Cemento S.A.\u202f\u202fActualmente se desempe\u00f1a como\u202fSuperintendente de Mantenimiento Mec\u00e1nico\u202fde la\u202fPlanta B\u202fde Minera San\u202fCrist\u00f3bal.\u202f&nbsp;<\/p>\n\n\n\n<figure class=\"wp-block-embed is-type-video is-provider-youtube wp-block-embed-youtube wp-embed-aspect-16-9 wp-has-aspect-ratio\"><div class=\"wp-block-embed__wrapper\">\n<iframe title=\"\ud83c\udf99 Episodio XII |  Realidad de la Miner\u00eda en Bolivia  | Contexto Minero\" width=\"800\" height=\"450\" src=\"https:\/\/www.youtube.com\/embed\/--_TPeWVHgA?feature=oembed\" frameborder=\"0\" allow=\"accelerometer; autoplay; clipboard-write; encrypted-media; gyroscope; picture-in-picture\" allowfullscreen><\/iframe>\n<\/div><\/figure>\n","protected":false},"excerpt":{"rendered":"<p>\u2705\u202fContexto Minero es un podcast din\u00e1mico en el cual nuestros panelistas y sus\u202finvitados intercambian opiniones acerca de la realidad minera latinoamericana.\u202f\u202f&nbsp; En este\u202fepisodio\u202fdialogaremos\u202fsobre la miner\u00eda en Bolivia.&nbsp; \ud83d\udccdEste evento se llevar\u00e1 acabo en Zoom y se transmitir\u00e1 en vivo en Facebook. Para ver el webinar, usted puede registrarse en Zoom o seguirnos en nuestra pagina [&hellip;]<\/p>\n","protected":false},"author":7,"featured_media":0,"comment_status":"closed","ping_status":"open","sticky":false,"template":"","format":"standard","meta":{"_acf_changed":false,"footnotes":""},"categories":[103],"tags":[],"class_list":["post-10253","post","type-post","status-publish","format-standard","hentry","category-grabaciones-de-podcast-es"],"acf":[],"yoast_head":"<!-- This site is optimized with the Yoast SEO plugin v24.0 - https:\/\/yoast.com\/wordpress\/plugins\/seo\/ -->\n<title>Realidad de la Miner\u00eda en Bolivia | Episodio 12 - Promine<\/title>\n<meta name=\"robots\" content=\"index, follow, max-snippet:-1, max-image-preview:large, max-video-preview:-1\" \/>\n<link rel=\"canonical\" href=\"https:\/\/www.promine.com\/es\/grabaciones-de-podcast-es\/realidad-de-la-mineria-en-bolivia-episodio-12\/\" \/>\n<meta property=\"og:locale\" content=\"es_ES\" \/>\n<meta property=\"og:type\" content=\"article\" \/>\n<meta property=\"og:title\" content=\"Realidad de la Miner\u00eda en Bolivia | Episodio 12 - Promine\" \/>\n<meta property=\"og:description\" content=\"\u2705\u202fContexto Minero es un podcast din\u00e1mico en el cual nuestros panelistas y sus\u202finvitados intercambian opiniones acerca de la realidad minera latinoamericana.\u202f\u202f&nbsp; En este\u202fepisodio\u202fdialogaremos\u202fsobre la miner\u00eda en Bolivia.&nbsp; \ud83d\udccdEste evento se llevar\u00e1 acabo en Zoom y se transmitir\u00e1 en vivo en Facebook. Para ver el webinar, usted puede registrarse en Zoom o seguirnos en nuestra pagina [&hellip;]\" \/>\n<meta property=\"og:url\" content=\"https:\/\/www.promine.com\/es\/grabaciones-de-podcast-es\/realidad-de-la-mineria-en-bolivia-episodio-12\/\" \/>\n<meta property=\"og:site_name\" content=\"Promine\" \/>\n<meta property=\"article:publisher\" content=\"https:\/\/www.facebook.com\/promineinc\/\" \/>\n<meta property=\"article:published_time\" content=\"2022-09-30T19:38:16+00:00\" \/>\n<meta property=\"article:modified_time\" content=\"2022-09-30T19:41:36+00:00\" \/>\n<meta name=\"author\" content=\"Carlos\" \/>\n<meta name=\"twitter:card\" content=\"summary_large_image\" \/>\n<meta name=\"twitter:label1\" content=\"Escrito por\" \/>\n\t<meta name=\"twitter:data1\" content=\"Carlos\" \/>\n\t<meta name=\"twitter:label2\" content=\"Tiempo de lectura\" \/>\n\t<meta name=\"twitter:data2\" content=\"2 minutos\" \/>\n<script type=\"application\/ld+json\" class=\"yoast-schema-graph\">{\"@context\":\"https:\/\/schema.org\",\"@graph\":[{\"@type\":\"Article\",\"@id\":\"https:\/\/www.promine.com\/es\/grabaciones-de-podcast-es\/realidad-de-la-mineria-en-bolivia-episodio-12\/#article\",\"isPartOf\":{\"@id\":\"https:\/\/www.promine.com\/es\/grabaciones-de-podcast-es\/realidad-de-la-mineria-en-bolivia-episodio-12\/\"},\"author\":{\"name\":\"Carlos\",\"@id\":\"https:\/\/www.promine.com\/es\/#\/schema\/person\/141015b2916dd4f763803f922d08fc30\"},\"headline\":\"Realidad de la Miner\u00eda en Bolivia | Episodio 12\",\"datePublished\":\"2022-09-30T19:38:16+00:00\",\"dateModified\":\"2022-09-30T19:41:36+00:00\",\"mainEntityOfPage\":{\"@id\":\"https:\/\/www.promine.com\/es\/grabaciones-de-podcast-es\/realidad-de-la-mineria-en-bolivia-episodio-12\/\"},\"wordCount\":363,\"publisher\":{\"@id\":\"https:\/\/www.promine.com\/es\/#organization\"},\"articleSection\":[\"Grabaciones de Podcast\"],\"inLanguage\":\"es\"},{\"@type\":\"WebPage\",\"@id\":\"https:\/\/www.promine.com\/es\/grabaciones-de-podcast-es\/realidad-de-la-mineria-en-bolivia-episodio-12\/\",\"url\":\"https:\/\/www.promine.com\/es\/grabaciones-de-podcast-es\/realidad-de-la-mineria-en-bolivia-episodio-12\/\",\"name\":\"Realidad de la Miner\u00eda en Bolivia | Episodio 12 - Promine\",\"isPartOf\":{\"@id\":\"https:\/\/www.promine.com\/es\/#website\"},\"datePublished\":\"2022-09-30T19:38:16+00:00\",\"dateModified\":\"2022-09-30T19:41:36+00:00\",\"breadcrumb\":{\"@id\":\"https:\/\/www.promine.com\/es\/grabaciones-de-podcast-es\/realidad-de-la-mineria-en-bolivia-episodio-12\/#breadcrumb\"},\"inLanguage\":\"es\",\"potentialAction\":[{\"@type\":\"ReadAction\",\"target\":[\"https:\/\/www.promine.com\/es\/grabaciones-de-podcast-es\/realidad-de-la-mineria-en-bolivia-episodio-12\/\"]}]},{\"@type\":\"BreadcrumbList\",\"@id\":\"https:\/\/www.promine.com\/es\/grabaciones-de-podcast-es\/realidad-de-la-mineria-en-bolivia-episodio-12\/#breadcrumb\",\"itemListElement\":[{\"@type\":\"ListItem\",\"position\":1,\"name\":\"Home\",\"item\":\"https:\/\/98.83.212.146\/es\/\"},{\"@type\":\"ListItem\",\"position\":2,\"name\":\"Realidad de la Miner\u00eda en Bolivia | Episodio 12\"}]},{\"@type\":\"WebSite\",\"@id\":\"https:\/\/www.promine.com\/es\/#website\",\"url\":\"https:\/\/www.promine.com\/es\/\",\"name\":\"Promine\",\"description\":\"Solutions for Everyday Mining\",\"publisher\":{\"@id\":\"https:\/\/www.promine.com\/es\/#organization\"},\"potentialAction\":[{\"@type\":\"SearchAction\",\"target\":{\"@type\":\"EntryPoint\",\"urlTemplate\":\"https:\/\/www.promine.com\/es\/?s={search_term_string}\"},\"query-input\":{\"@type\":\"PropertyValueSpecification\",\"valueRequired\":true,\"valueName\":\"search_term_string\"}}],\"inLanguage\":\"es\"},{\"@type\":\"Organization\",\"@id\":\"https:\/\/www.promine.com\/es\/#organization\",\"name\":\"Promine\",\"url\":\"https:\/\/www.promine.com\/es\/\",\"logo\":{\"@type\":\"ImageObject\",\"inLanguage\":\"es\",\"@id\":\"https:\/\/www.promine.com\/es\/#\/schema\/logo\/image\/\",\"url\":\"https:\/\/www.promine.com\/wp-content\/uploads\/2022\/06\/Promine_Solo_Original_PNG.png\",\"contentUrl\":\"https:\/\/www.promine.com\/wp-content\/uploads\/2022\/06\/Promine_Solo_Original_PNG.png\",\"width\":3576,\"height\":407,\"caption\":\"Promine\"},\"image\":{\"@id\":\"https:\/\/www.promine.com\/es\/#\/schema\/logo\/image\/\"},\"sameAs\":[\"https:\/\/www.facebook.com\/promineinc\/\"]},{\"@type\":\"Person\",\"@id\":\"https:\/\/www.promine.com\/es\/#\/schema\/person\/141015b2916dd4f763803f922d08fc30\",\"name\":\"Carlos\",\"image\":{\"@type\":\"ImageObject\",\"inLanguage\":\"es\",\"@id\":\"https:\/\/www.promine.com\/es\/#\/schema\/person\/image\/\",\"url\":\"https:\/\/www.promine.com\/wp-content\/uploads\/2022\/07\/cropped-cropped-Carlos_Morales-96x96.jpg\",\"contentUrl\":\"https:\/\/www.promine.com\/wp-content\/uploads\/2022\/07\/cropped-cropped-Carlos_Morales-96x96.jpg\",\"caption\":\"Carlos\"},\"description\":\"Carlos efectu\u00f3 estudios de educaci\u00f3n superior en el Instituto Universitario de Tecnolog\u00eda Don R\u00f3mulo Gallegos titul\u00e1ndose en 2003 como Ge\u00f3logo y posteriormente en 2009 como ingeniero en Petr\u00f3leo del Instituto Universitario Polit\u00e9cnico Santiago Mari\u00f1o. Se desempe\u00f1\u00f3 como ge\u00f3logo para el Instituto Nacional de Geolog\u00eda y Miner\u00eda (Ingeomin) desarrollando trabajos de cartograf\u00eda geol\u00f3gica de superficie digital asociado a Sistema de Informaci\u00f3n Geogr\u00e1fica (SIG) utilizando ArcView. Posteriormente, desarroll\u00f3 trabajos como ge\u00f3logo de operaciones de pozo e ingeniero petrof\u00edsico para la caracterizaci\u00f3n f\u00edsica de roca para yacimientos de petr\u00f3leo y gas durante 12 a\u00f1os. Carlos trabaja actualmente como especialista en soporte t\u00e9cnico en Promine.\",\"url\":\"https:\/\/www.promine.com\/es\/author\/carlosmorales\/\"}]}<\/script>\n<!-- \/ Yoast SEO plugin. -->","yoast_head_json":{"title":"Realidad de la Miner\u00eda en Bolivia | Episodio 12 - Promine","robots":{"index":"index","follow":"follow","max-snippet":"max-snippet:-1","max-image-preview":"max-image-preview:large","max-video-preview":"max-video-preview:-1"},"canonical":"https:\/\/www.promine.com\/es\/grabaciones-de-podcast-es\/realidad-de-la-mineria-en-bolivia-episodio-12\/","og_locale":"es_ES","og_type":"article","og_title":"Realidad de la Miner\u00eda en Bolivia | Episodio 12 - Promine","og_description":"\u2705\u202fContexto Minero es un podcast din\u00e1mico en el cual nuestros panelistas y sus\u202finvitados intercambian opiniones acerca de la realidad minera latinoamericana.\u202f\u202f&nbsp; En este\u202fepisodio\u202fdialogaremos\u202fsobre la miner\u00eda en Bolivia.&nbsp; \ud83d\udccdEste evento se llevar\u00e1 acabo en Zoom y se transmitir\u00e1 en vivo en Facebook. Para ver el webinar, usted puede registrarse en Zoom o seguirnos en nuestra pagina [&hellip;]","og_url":"https:\/\/www.promine.com\/es\/grabaciones-de-podcast-es\/realidad-de-la-mineria-en-bolivia-episodio-12\/","og_site_name":"Promine","article_publisher":"https:\/\/www.facebook.com\/promineinc\/","article_published_time":"2022-09-30T19:38:16+00:00","article_modified_time":"2022-09-30T19:41:36+00:00","author":"Carlos","twitter_card":"summary_large_image","twitter_misc":{"Escrito por":"Carlos","Tiempo de lectura":"2 minutos"},"schema":{"@context":"https:\/\/schema.org","@graph":[{"@type":"Article","@id":"https:\/\/www.promine.com\/es\/grabaciones-de-podcast-es\/realidad-de-la-mineria-en-bolivia-episodio-12\/#article","isPartOf":{"@id":"https:\/\/www.promine.com\/es\/grabaciones-de-podcast-es\/realidad-de-la-mineria-en-bolivia-episodio-12\/"},"author":{"name":"Carlos","@id":"https:\/\/www.promine.com\/es\/#\/schema\/person\/141015b2916dd4f763803f922d08fc30"},"headline":"Realidad de la Miner\u00eda en Bolivia | Episodio 12","datePublished":"2022-09-30T19:38:16+00:00","dateModified":"2022-09-30T19:41:36+00:00","mainEntityOfPage":{"@id":"https:\/\/www.promine.com\/es\/grabaciones-de-podcast-es\/realidad-de-la-mineria-en-bolivia-episodio-12\/"},"wordCount":363,"publisher":{"@id":"https:\/\/www.promine.com\/es\/#organization"},"articleSection":["Grabaciones de Podcast"],"inLanguage":"es"},{"@type":"WebPage","@id":"https:\/\/www.promine.com\/es\/grabaciones-de-podcast-es\/realidad-de-la-mineria-en-bolivia-episodio-12\/","url":"https:\/\/www.promine.com\/es\/grabaciones-de-podcast-es\/realidad-de-la-mineria-en-bolivia-episodio-12\/","name":"Realidad de la Miner\u00eda en Bolivia | Episodio 12 - Promine","isPartOf":{"@id":"https:\/\/www.promine.com\/es\/#website"},"datePublished":"2022-09-30T19:38:16+00:00","dateModified":"2022-09-30T19:41:36+00:00","breadcrumb":{"@id":"https:\/\/www.promine.com\/es\/grabaciones-de-podcast-es\/realidad-de-la-mineria-en-bolivia-episodio-12\/#breadcrumb"},"inLanguage":"es","potentialAction":[{"@type":"ReadAction","target":["https:\/\/www.promine.com\/es\/grabaciones-de-podcast-es\/realidad-de-la-mineria-en-bolivia-episodio-12\/"]}]},{"@type":"BreadcrumbList","@id":"https:\/\/www.promine.com\/es\/grabaciones-de-podcast-es\/realidad-de-la-mineria-en-bolivia-episodio-12\/#breadcrumb","itemListElement":[{"@type":"ListItem","position":1,"name":"Home","item":"https:\/\/98.83.212.146\/es\/"},{"@type":"ListItem","position":2,"name":"Realidad de la Miner\u00eda en Bolivia | Episodio 12"}]},{"@type":"WebSite","@id":"https:\/\/www.promine.com\/es\/#website","url":"https:\/\/www.promine.com\/es\/","name":"Promine","description":"Solutions for Everyday Mining","publisher":{"@id":"https:\/\/www.promine.com\/es\/#organization"},"potentialAction":[{"@type":"SearchAction","target":{"@type":"EntryPoint","urlTemplate":"https:\/\/www.promine.com\/es\/?s={search_term_string}"},"query-input":{"@type":"PropertyValueSpecification","valueRequired":true,"valueName":"search_term_string"}}],"inLanguage":"es"},{"@type":"Organization","@id":"https:\/\/www.promine.com\/es\/#organization","name":"Promine","url":"https:\/\/www.promine.com\/es\/","logo":{"@type":"ImageObject","inLanguage":"es","@id":"https:\/\/www.promine.com\/es\/#\/schema\/logo\/image\/","url":"https:\/\/www.promine.com\/wp-content\/uploads\/2022\/06\/Promine_Solo_Original_PNG.png","contentUrl":"https:\/\/www.promine.com\/wp-content\/uploads\/2022\/06\/Promine_Solo_Original_PNG.png","width":3576,"height":407,"caption":"Promine"},"image":{"@id":"https:\/\/www.promine.com\/es\/#\/schema\/logo\/image\/"},"sameAs":["https:\/\/www.facebook.com\/promineinc\/"]},{"@type":"Person","@id":"https:\/\/www.promine.com\/es\/#\/schema\/person\/141015b2916dd4f763803f922d08fc30","name":"Carlos","image":{"@type":"ImageObject","inLanguage":"es","@id":"https:\/\/www.promine.com\/es\/#\/schema\/person\/image\/","url":"https:\/\/www.promine.com\/wp-content\/uploads\/2022\/07\/cropped-cropped-Carlos_Morales-96x96.jpg","contentUrl":"https:\/\/www.promine.com\/wp-content\/uploads\/2022\/07\/cropped-cropped-Carlos_Morales-96x96.jpg","caption":"Carlos"},"description":"Carlos efectu\u00f3 estudios de educaci\u00f3n superior en el Instituto Universitario de Tecnolog\u00eda Don R\u00f3mulo Gallegos titul\u00e1ndose en 2003 como Ge\u00f3logo y posteriormente en 2009 como ingeniero en Petr\u00f3leo del Instituto Universitario Polit\u00e9cnico Santiago Mari\u00f1o. Se desempe\u00f1\u00f3 como ge\u00f3logo para el Instituto Nacional de Geolog\u00eda y Miner\u00eda (Ingeomin) desarrollando trabajos de cartograf\u00eda geol\u00f3gica de superficie digital asociado a Sistema de Informaci\u00f3n Geogr\u00e1fica (SIG) utilizando ArcView. Posteriormente, desarroll\u00f3 trabajos como ge\u00f3logo de operaciones de pozo e ingeniero petrof\u00edsico para la caracterizaci\u00f3n f\u00edsica de roca para yacimientos de petr\u00f3leo y gas durante 12 a\u00f1os. Carlos trabaja actualmente como especialista en soporte t\u00e9cnico en Promine.","url":"https:\/\/www.promine.com\/es\/author\/carlosmorales\/"}]}},"_links":{"self":[{"href":"https:\/\/www.promine.com\/es\/wp-json\/wp\/v2\/posts\/10253","targetHints":{"allow":["GET"]}}],"collection":[{"href":"https:\/\/www.promine.com\/es\/wp-json\/wp\/v2\/posts"}],"about":[{"href":"https:\/\/www.promine.com\/es\/wp-json\/wp\/v2\/types\/post"}],"author":[{"embeddable":true,"href":"https:\/\/www.promine.com\/es\/wp-json\/wp\/v2\/users\/7"}],"replies":[{"embeddable":true,"href":"https:\/\/www.promine.com\/es\/wp-json\/wp\/v2\/comments?post=10253"}],"version-history":[{"count":1,"href":"https:\/\/www.promine.com\/es\/wp-json\/wp\/v2\/posts\/10253\/revisions"}],"predecessor-version":[{"id":10257,"href":"https:\/\/www.promine.com\/es\/wp-json\/wp\/v2\/posts\/10253\/revisions\/10257"}],"wp:attachment":[{"href":"https:\/\/www.promine.com\/es\/wp-json\/wp\/v2\/media?parent=10253"}],"wp:term":[{"taxonomy":"category","embeddable":true,"href":"https:\/\/www.promine.com\/es\/wp-json\/wp\/v2\/categories?post=10253"},{"taxonomy":"post_tag","embeddable":true,"href":"https:\/\/www.promine.com\/es\/wp-json\/wp\/v2\/tags?post=10253"}],"curies":[{"name":"wp","href":"https:\/\/api.w.org\/{rel}","templated":true}]}}